{"id":854,"date":"2017-08-12T08:07:52","date_gmt":"2017-08-12T06:07:52","guid":{"rendered":"https:\/\/beniuk.gr5.pl\/apologetyka2\/?p=854"},"modified":"2017-08-12T08:07:52","modified_gmt":"2017-08-12T06:07:52","slug":"bog-luk-a-granice-nauki","status":"publish","type":"post","link":"https:\/\/beniuk.gr5.pl\/apologetyka2\/bog-luk-a-granice-nauki\/","title":{"rendered":"B\u00f3g luk a granice nauki"},"content":{"rendered":"<p>Piotr Bylica<br \/>\nUniwersytet Zielonog\u00f3rski<br \/>\n(Referat wyg\u0142oszony na III Filozoficznym Forum M\u0142odych, Lublin 2004)<br \/>\nW moim wyst\u0105pieniu spr\u00f3buj\u0119 broni\u0107 do\u015b\u0107 silnej i ryzykownej tezy, \u017ce wsp\u00f3\u0142czesna<br \/>\nnauka nie pozostawia \u017cadnych luk ani w naszej wiedzy (nie mam bynajmniej na my\u015bli tego, \u017ce<br \/>\nwszystkie problemy zosta\u0142y ju\u017c przez nauk\u0119 rozwi\u0105zane), ani w porz\u0105dku \u015bwiata, kt\u00f3rych<br \/>\nwyja\u015bnienie wymaga\u0142oby odwo\u0142ania do jakiej\u015b nadnaturalnej, transcendentnej sfery<br \/>\npostulowanej przez religie teistyczne. Sytuacja taka ma miejsce na przyk\u0142ad w tak istotnych<br \/>\ndla \u015bwiatopogl\u0105du teistycznego kwestiach, jak pochodzenie wszech\u015bwiata, \u017cycia i cz\u0142owieka<br \/>\nb\u0105d\u017a natura \u015bwiadomo\u015bci. B\u0119d\u0119 argumentowa\u0142, \u017ce obraz nauki, sk\u0142aniaj\u0105cej do ateizmu, jest<br \/>\nwynikiem podstawowego za\u0142o\u017cenia wszelkich bada\u0144 naukowych, jakim jest postulat<br \/>\nnaturalizmu metodologicznego oraz roli, jak\u0105 pe\u0142ni nauka we wsp\u00f3\u0142czesnej kulturze Zachodu.<br \/>\n<a href=\"https:\/\/drive.google.com\/file\/d\/0BwuuniaB1InLYkZNVUZtVWVZOUU\/view?usp=sharing\" target=\"_blank\" rel=\"noopener noreferrer\">https:\/\/drive.google.com\/file\/d\/0BwuuniaB1InLYkZNVUZtVWVZOUU\/view?usp=sharing<\/a><br \/>\n<iframe loading=\"lazy\" src=\"https:\/\/drive.google.com\/file\/d\/0BwuuniaB1InLYkZNVUZtVWVZOUU\/preview\" width=\"100%\" height=\"800px\" style=\"border: none;\"><\/iframe>\n","protected":false},"excerpt":{"rendered":"<p>Piotr Bylica Uniwersytet Zielonog\u00f3rski (Referat wyg\u0142oszony na III Filozoficznym Forum M\u0142odych, Lublin 2004) W moim wyst\u0105pieniu spr\u00f3buj\u0119 broni\u0107 do\u015b\u0107 silnej i ryzykownej tezy, \u017ce wsp\u00f3\u0142czesna nauka nie pozostawia \u017cadnych luk ani w naszej wiedzy (nie mam bynajmniej na my\u015bli tego,&hellip; <\/p>\n","protected":false},"author":1,"featured_media":0,"comment_status":"open","ping_status":"closed","sticky":false,"template":"","format":"standard","meta":{"_sitemap_exclude":false,"_sitemap_priority":"","_sitemap_frequency":"","footnotes":""},"categories":[961],"tags":[465,553,557],"class_list":["post-854","post","type-post","status-publish","format-standard","hentry","category-artykuly-naukowe-krytyka-teizmu","tag-krytyk-teizmu","tag-naturalizm-metodologiczny","tag-nauka"],"_links":{"self":[{"href":"https:\/\/beniuk.gr5.pl\/apologetyka2\/wp-json\/wp\/v2\/posts\/854","targetHints":{"allow":["GET"]}}],"collection":[{"href":"https:\/\/beniuk.gr5.pl\/apologetyka2\/wp-json\/wp\/v2\/posts"}],"about":[{"href":"https:\/\/beniuk.gr5.pl\/apologetyka2\/wp-json\/wp\/v2\/types\/post"}],"author":[{"embeddable":true,"href":"https:\/\/beniuk.gr5.pl\/apologetyka2\/wp-json\/wp\/v2\/users\/1"}],"replies":[{"embeddable":true,"href":"https:\/\/beniuk.gr5.pl\/apologetyka2\/wp-json\/wp\/v2\/comments?post=854"}],"version-history":[{"count":0,"href":"https:\/\/beniuk.gr5.pl\/apologetyka2\/wp-json\/wp\/v2\/posts\/854\/revisions"}],"wp:attachment":[{"href":"https:\/\/beniuk.gr5.pl\/apologetyka2\/wp-json\/wp\/v2\/media?parent=854"}],"wp:term":[{"taxonomy":"category","embeddable":true,"href":"https:\/\/beniuk.gr5.pl\/apologetyka2\/wp-json\/wp\/v2\/categories?post=854"},{"taxonomy":"post_tag","embeddable":true,"href":"https:\/\/beniuk.gr5.pl\/apologetyka2\/wp-json\/wp\/v2\/tags?post=854"}],"curies":[{"name":"wp","href":"https:\/\/api.w.org\/{rel}","templated":true}]}}