{"id":816,"date":"2017-08-11T17:41:06","date_gmt":"2017-08-11T15:41:06","guid":{"rendered":"https:\/\/beniuk.gr5.pl\/apologetyka2\/?p=816"},"modified":"2017-08-11T17:41:06","modified_gmt":"2017-08-11T15:41:06","slug":"logika-modalna-a-dowod-ontologiczny","status":"publish","type":"post","link":"https:\/\/beniuk.gr5.pl\/apologetyka2\/logika-modalna-a-dowod-ontologiczny\/","title":{"rendered":"Logika modalna a dow\u00f3d ontologiczny"},"content":{"rendered":"<p>Andrzej Bi\u0142at<br \/>\nFilozofia Nauki 20\/1, 103-108<br \/>\n2012<br \/>\nZgodnie z definicj\u0105 pochodz\u0105c\u0105 od Boecjusza i Anzelma, byt (absolutnie) do-<br \/>\nskona\u0142y (B\u00f3g) jest czym\u015b, od czego nie da si\u0119 pomy\u015ble\u0107 niczego doskonalszego<br \/>\n(idquo maius cogitare nequit). Definicja ta jest kluczow\u0105 przes\u0142ank\u0105 w oryginalnej ar-<br \/>\ngumentacji Anzelma za tez\u0105 o istnieniu bytu doskona\u0142ego. Popularne streszczenie tej\u00a0argumentacji brzmi nast\u0119puj\u0105co.<br \/>\n<a href=\"https:\/\/drive.google.com\/file\/d\/0BwuuniaB1InLbl8wNjR0UEwtZlU\/view?usp=sharing\" target=\"_blank\" rel=\"noopener noreferrer\">https:\/\/drive.google.com\/file\/d\/0BwuuniaB1InLbl8wNjR0UEwtZlU\/view?usp=sharing<\/a><\/p>\n","protected":false},"excerpt":{"rendered":"<p>Andrzej Bi\u0142at Filozofia Nauki 20\/1, 103-108 2012 Zgodnie z definicj\u0105 pochodz\u0105c\u0105 od Boecjusza i Anzelma, byt (absolutnie) do- skona\u0142y (B\u00f3g) jest czym\u015b, od czego nie da si\u0119 pomy\u015ble\u0107 niczego doskonalszego (idquo maius cogitare nequit). Definicja ta jest kluczow\u0105 przes\u0142ank\u0105 w&hellip; <\/p>\n","protected":false},"author":1,"featured_media":0,"comment_status":"open","ping_status":"closed","sticky":false,"template":"","format":"standard","meta":{"_sitemap_exclude":false,"_sitemap_priority":"","_sitemap_frequency":"","footnotes":""},"categories":[969],"tags":[],"class_list":["post-816","post","type-post","status-publish","format-standard","hentry","category-artykuly-naukowe-filozofia-logika"],"_links":{"self":[{"href":"https:\/\/beniuk.gr5.pl\/apologetyka2\/wp-json\/wp\/v2\/posts\/816","targetHints":{"allow":["GET"]}}],"collection":[{"href":"https:\/\/beniuk.gr5.pl\/apologetyka2\/wp-json\/wp\/v2\/posts"}],"about":[{"href":"https:\/\/beniuk.gr5.pl\/apologetyka2\/wp-json\/wp\/v2\/types\/post"}],"author":[{"embeddable":true,"href":"https:\/\/beniuk.gr5.pl\/apologetyka2\/wp-json\/wp\/v2\/users\/1"}],"replies":[{"embeddable":true,"href":"https:\/\/beniuk.gr5.pl\/apologetyka2\/wp-json\/wp\/v2\/comments?post=816"}],"version-history":[{"count":0,"href":"https:\/\/beniuk.gr5.pl\/apologetyka2\/wp-json\/wp\/v2\/posts\/816\/revisions"}],"wp:attachment":[{"href":"https:\/\/beniuk.gr5.pl\/apologetyka2\/wp-json\/wp\/v2\/media?parent=816"}],"wp:term":[{"taxonomy":"category","embeddable":true,"href":"https:\/\/beniuk.gr5.pl\/apologetyka2\/wp-json\/wp\/v2\/categories?post=816"},{"taxonomy":"post_tag","embeddable":true,"href":"https:\/\/beniuk.gr5.pl\/apologetyka2\/wp-json\/wp\/v2\/tags?post=816"}],"curies":[{"name":"wp","href":"https:\/\/api.w.org\/{rel}","templated":true}]}}