{"id":756,"date":"2017-08-10T11:14:21","date_gmt":"2017-08-10T09:14:21","guid":{"rendered":"https:\/\/beniuk.gr5.pl\/apologetyka2\/?p=756"},"modified":"2017-08-10T11:14:21","modified_gmt":"2017-08-10T09:14:21","slug":"sceptycyzm-dowod-ontologiczny","status":"publish","type":"post","link":"https:\/\/beniuk.gr5.pl\/apologetyka2\/sceptycyzm-dowod-ontologiczny\/","title":{"rendered":"Sceptycyzm i dow\u00f3d ontologiczny"},"content":{"rendered":"<p>Stanis\u0142aw Judycki<br \/>\nGdybym musia\u0142 odpowiedzie\u0107 na pytanie, jaki by\u0142 jeden<br \/>\nnajwa\u017cniejszy problem filozofii, kt\u00f3ra powsta\u0142a, \u017ceby si\u0119 tak wyrazi\u0107, \u201epod<br \/>\nlaty\u0144skich \u017cagli cieniem\u201d &#8211; to powiedzia\u0142bym bez wahania, \u017ce by\u0142 to<br \/>\nproblem Boga, Jego natury i Jego relacji do \u015bwiata. Nie by\u0142aby to z<br \/>\npewno\u015bci\u0105 rzadka odpowied\u017a na tego rodzaju pytanie. By\u0107 mo\u017ce jednak<br \/>\nczym\u015b mniej cz\u0119stym by\u0142oby wymienienie na drugim miejscu tej listy<br \/>\nrankingowej najwa\u017cniejszych problem\u00f3w filozoficznych zagadnienia<br \/>\nwiedzy i sceptycyzmu. Ka\u017cdy, kto cho\u0107 troch\u0119 mia\u0142 do czynienia z<br \/>\nfilozofi\u0105, potrafi wyartyku\u0142owa\u0107, jak \u0142\u0105cz\u0105 si\u0119 ze sob\u0105 te dwa problemy, a<br \/>\nmianowicie, czy mo\u017cna wiedzie\u0107, \u017ce B\u00f3g istnieje i jak\u0105 ma natur\u0119, czy<br \/>\nraczej, w obliczu globalnego lub szczeg\u00f3\u0142owego sceptycyzmu, mo\u017cna tylko<br \/>\nwierzy\u0107 w Jego istnienie i w Jego atrybuty.<br \/>\n<a href=\"https:\/\/drive.google.com\/file\/d\/0BwuuniaB1InLRmVjYXFmOGdaTDQ\/view?usp=sharing\" target=\"_blank\" rel=\"noopener noreferrer\">https:\/\/drive.google.com\/file\/d\/0BwuuniaB1InLRmVjYXFmOGdaTDQ\/view?usp=sharing<\/a><\/p>\n","protected":false},"excerpt":{"rendered":"<p>Stanis\u0142aw Judycki Gdybym musia\u0142 odpowiedzie\u0107 na pytanie, jaki by\u0142 jeden najwa\u017cniejszy problem filozofii, kt\u00f3ra powsta\u0142a, \u017ceby si\u0119 tak wyrazi\u0107, \u201epod laty\u0144skich \u017cagli cieniem\u201d &#8211; to powiedzia\u0142bym bez wahania, \u017ce by\u0142 to problem Boga, Jego natury i Jego relacji do \u015bwiata.&hellip; <\/p>\n","protected":false},"author":1,"featured_media":0,"comment_status":"open","ping_status":"closed","sticky":false,"template":"","format":"standard","meta":{"_sitemap_exclude":false,"_sitemap_priority":"","_sitemap_frequency":"","footnotes":""},"categories":[960],"tags":[],"class_list":["post-756","post","type-post","status-publish","format-standard","hentry","category-artykuly-naukowe-istnienie-boga"],"_links":{"self":[{"href":"https:\/\/beniuk.gr5.pl\/apologetyka2\/wp-json\/wp\/v2\/posts\/756","targetHints":{"allow":["GET"]}}],"collection":[{"href":"https:\/\/beniuk.gr5.pl\/apologetyka2\/wp-json\/wp\/v2\/posts"}],"about":[{"href":"https:\/\/beniuk.gr5.pl\/apologetyka2\/wp-json\/wp\/v2\/types\/post"}],"author":[{"embeddable":true,"href":"https:\/\/beniuk.gr5.pl\/apologetyka2\/wp-json\/wp\/v2\/users\/1"}],"replies":[{"embeddable":true,"href":"https:\/\/beniuk.gr5.pl\/apologetyka2\/wp-json\/wp\/v2\/comments?post=756"}],"version-history":[{"count":0,"href":"https:\/\/beniuk.gr5.pl\/apologetyka2\/wp-json\/wp\/v2\/posts\/756\/revisions"}],"wp:attachment":[{"href":"https:\/\/beniuk.gr5.pl\/apologetyka2\/wp-json\/wp\/v2\/media?parent=756"}],"wp:term":[{"taxonomy":"category","embeddable":true,"href":"https:\/\/beniuk.gr5.pl\/apologetyka2\/wp-json\/wp\/v2\/categories?post=756"},{"taxonomy":"post_tag","embeddable":true,"href":"https:\/\/beniuk.gr5.pl\/apologetyka2\/wp-json\/wp\/v2\/tags?post=756"}],"curies":[{"name":"wp","href":"https:\/\/api.w.org\/{rel}","templated":true}]}}