{"id":754,"date":"2017-08-10T11:11:26","date_gmt":"2017-08-10T09:11:26","guid":{"rendered":"https:\/\/beniuk.gr5.pl\/apologetyka2\/?p=754"},"modified":"2017-08-10T11:11:26","modified_gmt":"2017-08-10T09:11:26","slug":"sekularyzacja-a-nowe-formy-religijnosci","status":"publish","type":"post","link":"https:\/\/beniuk.gr5.pl\/apologetyka2\/sekularyzacja-a-nowe-formy-religijnosci\/","title":{"rendered":"SEKULARYZACJA A NOWE FORMY RELIGIJNOSCI"},"content":{"rendered":"<p>W chrze\u015bcija\u0144stwie nie ma miejsca \u2013 w sensie \u015bcis\u0142ym \u2013 dla religii czysto<br \/>\nprywatnej. Wiara chrze\u015bcija\u0144ska jest ze swej istoty ko\u015bcielna, wyra\u017ca si\u0119 \u0328<br \/>\nw \u017cywej wi\u0119zi ze wsp\u00f3lnot\u0105 ko\u015bcielna i jest zdolna integrowa\u0107 \u0301 \u017cycie.<br \/>\n\u201eW miar\u0119 \u0328 jak religia staje si\u0119 \u0328 spraw \u0328a prywatna, traci swoj\u0105 dusze \u0328\u201d<br \/>\nProcesy sekularyzacyjne w Europie doprowadzi\u0142y do os\u0142abienia religijno\u015bci<br \/>\nko\u015bcielnej, ale nie do jej zaniku. Uruchomi\u0142y ju\u017c \u0307 znacz\u0105ce, a by\u0107 \u0301 mo\u017cne<br \/>\nzyskuj\u0105ce na znaczeniu w przysz\u0142o\u015bci procesy desekularyzacyjne (nowe formy<br \/>\nreligijno\u015bci i duchowo\u015bci). \u201eProcesy sekularyzacji, a jeszcze w wi\u0119kszym<br \/>\nstopniu rozkwit ideologii sekularyzmu, przynios\u0142y zatem Ko\u015bcio\u0142om chrzescijanskim<br \/>\nsporo pora\u017cek, ale tez \u0307 mobilizuj \u0328a one wielu ludzi do dyskusji<br \/>\ni walki o miejsce religii, ko\u015bcio\u0142\u00f3w, sacrum w \u017cyciu wsp\u00f3\u0142czesnego cz\u0142owieka i spo\u0142ecze\u0144stwa.<br \/>\nKS. JANUSZ MARIAN \u0301 SKI<br \/>\nROCZNIKI NAUK SPO\u0141ECZNYCH<br \/>\nTom 1(37) \u2212 2009<br \/>\n<a href=\"https:\/\/drive.google.com\/file\/d\/0BwuuniaB1InLY05kVDhWM29HcEE\/view?usp=sharing\" target=\"_blank\" rel=\"noopener noreferrer\">https:\/\/drive.google.com\/file\/d\/0BwuuniaB1InLY05kVDhWM29HcEE\/view?usp=sharing<\/a><\/p>\n","protected":false},"excerpt":{"rendered":"<p>W chrze\u015bcija\u0144stwie nie ma miejsca \u2013 w sensie \u015bcis\u0142ym \u2013 dla religii czysto prywatnej. Wiara chrze\u015bcija\u0144ska jest ze swej istoty ko\u015bcielna, wyra\u017ca si\u0119 \u0328 w \u017cywej wi\u0119zi ze wsp\u00f3lnot\u0105 ko\u015bcielna i jest zdolna integrowa\u0107 \u0301 \u017cycie. \u201eW miar\u0119 \u0328 jak&hellip; <\/p>\n","protected":false},"author":1,"featured_media":0,"comment_status":"open","ping_status":"closed","sticky":false,"template":"","format":"standard","meta":{"_sitemap_exclude":false,"_sitemap_priority":"","_sitemap_frequency":"","footnotes":""},"categories":[971],"tags":[],"class_list":["post-754","post","type-post","status-publish","format-standard","hentry","category-artykuly-naukowe-zycie-spoleczne"],"_links":{"self":[{"href":"https:\/\/beniuk.gr5.pl\/apologetyka2\/wp-json\/wp\/v2\/posts\/754","targetHints":{"allow":["GET"]}}],"collection":[{"href":"https:\/\/beniuk.gr5.pl\/apologetyka2\/wp-json\/wp\/v2\/posts"}],"about":[{"href":"https:\/\/beniuk.gr5.pl\/apologetyka2\/wp-json\/wp\/v2\/types\/post"}],"author":[{"embeddable":true,"href":"https:\/\/beniuk.gr5.pl\/apologetyka2\/wp-json\/wp\/v2\/users\/1"}],"replies":[{"embeddable":true,"href":"https:\/\/beniuk.gr5.pl\/apologetyka2\/wp-json\/wp\/v2\/comments?post=754"}],"version-history":[{"count":0,"href":"https:\/\/beniuk.gr5.pl\/apologetyka2\/wp-json\/wp\/v2\/posts\/754\/revisions"}],"wp:attachment":[{"href":"https:\/\/beniuk.gr5.pl\/apologetyka2\/wp-json\/wp\/v2\/media?parent=754"}],"wp:term":[{"taxonomy":"category","embeddable":true,"href":"https:\/\/beniuk.gr5.pl\/apologetyka2\/wp-json\/wp\/v2\/categories?post=754"},{"taxonomy":"post_tag","embeddable":true,"href":"https:\/\/beniuk.gr5.pl\/apologetyka2\/wp-json\/wp\/v2\/tags?post=754"}],"curies":[{"name":"wp","href":"https:\/\/api.w.org\/{rel}","templated":true}]}}