{"id":4276,"date":"2024-07-01T15:25:06","date_gmt":"2024-07-01T15:25:06","guid":{"rendered":"https:\/\/beniuk.gr5.pl\/apologetyka2\/?p=4276"},"modified":"2024-07-01T15:25:06","modified_gmt":"2024-07-01T15:25:06","slug":"odp-ostateczne-rozwiazanie-kwestii-tradycji-katolickiej","status":"publish","type":"post","link":"https:\/\/beniuk.gr5.pl\/apologetyka2\/odp-ostateczne-rozwiazanie-kwestii-tradycji-katolickiej\/","title":{"rendered":"Odp: Ostateczne Rozwi\u0105zanie Kwestii TRADYCJI KATOLICKIEJ?"},"content":{"rendered":"<p><iframe loading=\"lazy\"  id=\"_ytid_95634\"  width=\"700\" height=\"394\"  data-origwidth=\"700\" data-origheight=\"394\"  data-relstop=\"1\" src=\"https:\/\/www.youtube.com\/embed\/7xfkLSC--aA?enablejsapi=1&#038;autoplay=0&#038;cc_load_policy=0&#038;cc_lang_pref=&#038;iv_load_policy=1&#038;loop=0&#038;rel=0&#038;fs=1&#038;playsinline=0&#038;autohide=2&#038;theme=dark&#038;color=red&#038;controls=1&#038;disablekb=0&#038;\" class=\"__youtube_prefs__  epyt-is-override  no-lazyload\" title=\"YouTube player\"  allow=\"fullscreen; accelerometer; autoplay; clipboard-write; encrypted-media; gyroscope; picture-in-picture; web-share\" referrerpolicy=\"strict-origin-when-cross-origin\" allowfullscreen data-no-lazy=\"1\" data-skipgform_ajax_framebjll=\"\"><\/iframe><\/p>\n<p><span data-contrast=\"none\">Pytanie do s\u0142uchaczy tego kana\u0142u i tego materia\u0142u.\u00a0<\/span><\/p>\n<p><span data-contrast=\"none\">1.Czy zauwa\u017cy\u0142e\u015b, \u017ce autor tego materia\u0142u nie podaje \u017ar\u00f3d\u0142a danych, \u017ce po og\u0142oszeniu &#8222;Traditionis\u00a0custodes&#8221; wzros\u0142a liczba os\u00f3b uczestnicz\u0105cych w Mszy \u015aw. Trydenckiej. Gdzie i o ile? Ka\u017ce ci \u015blepo w to wierzy\u0107? Dlaczego tak robi?<\/span><\/p>\n<p><span data-contrast=\"none\">2.Czy zauwa\u017cy\u0142e\u015b, \u017ce dzieli katolik\u00f3w i twierdzi \u017ce, Msza \u015aw. &#8222;Novous\u00a0Ordo&#8221; jest &#8222;mniej katolicka o ile w og\u00f3le&#8221;. Rozumiem, \u017ce nie uczestnicz\u0119 wg tego Pana we Mszy \u015aw. katolickiej. Czy jestem katolikiem? Na jakie podstawie? Dla mnie to przykre.\u00a0<\/span><\/p>\n<p><span data-contrast=\"none\">3.Czy zauwa\u017cy\u0142e\u015b, \u017ce powo\u0142uje si\u0119 na autorytet osob\u0119 z bractwa Piusa X? FSPPX jest schizm\u0105, a cz\u0142onkowie bractwa ekskomunikowanymi schizmatykami.\u00a0<\/span><\/p>\n<p><span data-contrast=\"none\">Czy modlisz si\u0119 o nawr\u00f3cenie heretyk\u00f3w? Czy popierasz takie zachowanie?<\/span><\/p>\n<p><span data-contrast=\"none\">4.Czy zauwa\u017cy\u0142e\u015b, \u017ce wprowadza ci\u0119 w b\u0142\u0105d skupiaj\u0105c si\u0119 w swojej argumentacji na formach zewn\u0119trznych, sugeruj\u0105c, \u017ce samo uczestnictwo w Mszy \u015aw. Trydenckiej mo\u017ce by\u0107 \u017ar\u00f3d\u0142em \u015bwi\u0119to\u015bci (bo przecie\u017c o. Pio czy\u00a0o.Kolbe\u00a0tak odprawia\u0142), a nie codzienna droga do \u015bwi\u0119to\u015bci przez zjednoczenie z Bogiem przez modlitw\u0119, sakramenty i pe\u0142nienie Woli Bo\u017cej?\u00a0<\/span><\/p>\n<p><span data-contrast=\"none\">5.Czy dostrzegasz jak twierdzi bez \u017cadnych dowod\u00f3w (no mo\u017ce, \u017ce du\u017co o tym czyta\u0142 i autorytetem jest ekskomunikowane FSPPX), \u017ce nadu\u017cycia na Mszach \u015aw. wynikaj\u0105 ze zmiany sposobu odprawia Mszy \u015aw. Pope\u0142nia podstawie b\u0142\u0119dy logiczne. Cz\u0119\u015b\u0107 (przyk\u0142ady nadu\u017cy\u0107) nigdy nie jest ca\u0142o\u015bci\u0105. Rozumiem, \u017ce je\u015bli w Policji i czy s\u0105downictwie dochodzi do nadu\u017cy\u0107 i korupcji nie b\u0119dziesz korzysta\u0142 Szanowny czytelniku z tych s\u0142u\u017cb? Jakie s\u0105 powody takich\u00a0zachowa\u0144? W ramach uczciwo\u015bci intelektualnej powinien uzyska\u0107 informacj\u0119 od os\u00f3b uczestnicz\u0105cych w tych nadu\u017cyciach o ich faktyczne motywacj\u0119, a nie narzuca\u0107 innym swoj\u0105 subiektywn\u0105 narracj\u0119. Fakty czy narracja\u00a0<\/span><a href=\"http:\/\/m.in\/\"><span data-contrast=\"auto\">m.in<\/span><\/a><span data-contrast=\"none\">\u00a0heretyckiego FSPPX?<\/span><\/p>\n<p><span data-contrast=\"none\">Przypomnijmy moi mili:\u00a0<\/span><\/p>\n<p><span data-contrast=\"none\">&#8222;Przymuszani wiar\u0105, zobowi\u0105zani jeste\u015bmy wierzy\u0107 i utrzymywa\u0107, \u017ce jest jeden \u015bwi\u0119ty, katolicki i apostolski Ko\u015bci\u00f3\u0142. I stanowczo wierzymy oraz wyznajemy, \u017ce poza nim nie ma zbawienia ani odpuszczenia grzech\u00f3w. (\u2026) O\u015bwiadczamy, m\u00f3wimy, definiujemy i og\u0142aszamy, \u017ce do zbawienia ka\u017cdego stworzenia ludzkiego absolutnie konieczna jest podleg\u0142o\u015b\u0107 rzymskiemu papie\u017cowi.&#8221; (papie\u017c Bonifacy VIII, bulla\u00a0Unam\u00a0Sanctam, 1302).\u00a0<\/span><\/p>\n<p><span data-contrast=\"none\">Kamil\u00a0Beniuk<\/span><\/p>\n<p>&nbsp;<\/p>\n","protected":false},"excerpt":{"rendered":"<p>Pytanie do s\u0142uchaczy tego kana\u0142u i tego materia\u0142u.\u00a0 1.Czy zauwa\u017cy\u0142e\u015b, \u017ce autor tego materia\u0142u nie podaje \u017ar\u00f3d\u0142a danych, \u017ce po og\u0142oszeniu &#8222;Traditionis\u00a0custodes&#8221; wzros\u0142a liczba os\u00f3b uczestnicz\u0105cych w Mszy \u015aw. Trydenckiej. Gdzie i o ile? Ka\u017ce ci \u015blepo w to wierzy\u0107?&hellip; <\/p>\n","protected":false},"author":1,"featured_media":0,"comment_status":"open","ping_status":"closed","sticky":false,"template":"","format":"standard","meta":{"_sitemap_exclude":false,"_sitemap_priority":"","_sitemap_frequency":"","footnotes":""},"categories":[1191],"tags":[1193,1192],"class_list":["post-4276","post","type-post","status-publish","format-standard","hentry","category-tradycjonalizm","tag-mysior","tag-tradycjonalizm"],"_links":{"self":[{"href":"https:\/\/beniuk.gr5.pl\/apologetyka2\/wp-json\/wp\/v2\/posts\/4276","targetHints":{"allow":["GET"]}}],"collection":[{"href":"https:\/\/beniuk.gr5.pl\/apologetyka2\/wp-json\/wp\/v2\/posts"}],"about":[{"href":"https:\/\/beniuk.gr5.pl\/apologetyka2\/wp-json\/wp\/v2\/types\/post"}],"author":[{"embeddable":true,"href":"https:\/\/beniuk.gr5.pl\/apologetyka2\/wp-json\/wp\/v2\/users\/1"}],"replies":[{"embeddable":true,"href":"https:\/\/beniuk.gr5.pl\/apologetyka2\/wp-json\/wp\/v2\/comments?post=4276"}],"version-history":[{"count":1,"href":"https:\/\/beniuk.gr5.pl\/apologetyka2\/wp-json\/wp\/v2\/posts\/4276\/revisions"}],"predecessor-version":[{"id":4277,"href":"https:\/\/beniuk.gr5.pl\/apologetyka2\/wp-json\/wp\/v2\/posts\/4276\/revisions\/4277"}],"wp:attachment":[{"href":"https:\/\/beniuk.gr5.pl\/apologetyka2\/wp-json\/wp\/v2\/media?parent=4276"}],"wp:term":[{"taxonomy":"category","embeddable":true,"href":"https:\/\/beniuk.gr5.pl\/apologetyka2\/wp-json\/wp\/v2\/categories?post=4276"},{"taxonomy":"post_tag","embeddable":true,"href":"https:\/\/beniuk.gr5.pl\/apologetyka2\/wp-json\/wp\/v2\/tags?post=4276"}],"curies":[{"name":"wp","href":"https:\/\/api.w.org\/{rel}","templated":true}]}}