{"id":341,"date":"2017-07-24T13:35:39","date_gmt":"2017-07-24T11:35:39","guid":{"rendered":"https:\/\/beniuk.gr5.pl\/apologetyka2\/?p=341"},"modified":"2017-07-24T13:35:39","modified_gmt":"2017-07-24T11:35:39","slug":"logika-religii-a-teologia","status":"publish","type":"post","link":"https:\/\/beniuk.gr5.pl\/apologetyka2\/logika-religii-a-teologia\/","title":{"rendered":"Logika religii a teologia"},"content":{"rendered":"<p>Collectanea Theologica 46\/2, 71-79,\u00a01976<br \/>\nJ\u00f3zef Herbut<br \/>\nW wielowiekowych dziejach my\u015bli chrze\u015bcija\u0144skiej logiczn\u0105 re \u00ad<br \/>\nfleksj\u0119 nad j\u0119zykiem religijnym upraw iali najcz\u0119\u015bciej teologowie.<br \/>\nDla udokumentowania tego stwierdzenia wystarczy przypomnie\u0107<br \/>\nO r y g e n e s a , \u015bw. G r z e g o r z a z Nazjanzu, \u015bw. Anzelma<br \/>\nz Canterbury, A b e l a r d a , \u015bw. T o m a s z a z Akwinu, Jana od<br \/>\n\u015bw. Tomasza &#8230; Ten bezsporny fakt nie wi\u0105\u017ce si\u0119 jednak koniecznie<br \/>\nz istot\u0105 logiki religii i niestanowi ona integralnej cz\u0119\u015bci teologii.<br \/>\nZ drugiej strony mi\u0119dzy tym i dyscyplinami zachodz\u0105 pewne powi\u0105zania,<br \/>\nkt\u00f3re \u2014 cho\u0107 nie zawsze w pe\u0142ni u\u015bwiadamiane \u2014 sk\u0142ania\u0142y<br \/>\nwybitniejszych teolog\u00f3w do podejmowania problematyki logicznej<br \/>\nz zakresu ich pracy. Zadaniem niniejszego artyku\u0142u jest uwyra\u017anienie<br \/>\nodr\u0119bno\u015bci mi\u0119dzy logik\u0105 religii a teologi\u0105 i wskazanie korzy\u015bci,<br \/>\njakie pierwsza dyscyplina mo\u017ce przynie\u015b\u0107 tej drugiej.<br \/>\n<a href=\"https:\/\/drive.google.com\/file\/d\/0BwuuniaB1InLejl3eVhUZUJkc2M\/view?usp=sharing\" target=\"_blank\" rel=\"noopener noreferrer\">https:\/\/drive.google.com\/file\/d\/0BwuuniaB1InLejl3eVhUZUJkc2M\/view?usp=sharing<\/a><\/p>\n","protected":false},"excerpt":{"rendered":"<p>Collectanea Theologica 46\/2, 71-79,\u00a01976 J\u00f3zef Herbut W wielowiekowych dziejach my\u015bli chrze\u015bcija\u0144skiej logiczn\u0105 re \u00ad fleksj\u0119 nad j\u0119zykiem religijnym upraw iali najcz\u0119\u015bciej teologowie. Dla udokumentowania tego stwierdzenia wystarczy przypomnie\u0107 O r y g e n e s a , \u015bw. G&hellip; <\/p>\n","protected":false},"author":1,"featured_media":0,"comment_status":"open","ping_status":"closed","sticky":false,"template":"","format":"standard","meta":{"_sitemap_exclude":false,"_sitemap_priority":"","_sitemap_frequency":"","footnotes":""},"categories":[969],"tags":[],"class_list":["post-341","post","type-post","status-publish","format-standard","hentry","category-artykuly-naukowe-filozofia-logika"],"_links":{"self":[{"href":"https:\/\/beniuk.gr5.pl\/apologetyka2\/wp-json\/wp\/v2\/posts\/341","targetHints":{"allow":["GET"]}}],"collection":[{"href":"https:\/\/beniuk.gr5.pl\/apologetyka2\/wp-json\/wp\/v2\/posts"}],"about":[{"href":"https:\/\/beniuk.gr5.pl\/apologetyka2\/wp-json\/wp\/v2\/types\/post"}],"author":[{"embeddable":true,"href":"https:\/\/beniuk.gr5.pl\/apologetyka2\/wp-json\/wp\/v2\/users\/1"}],"replies":[{"embeddable":true,"href":"https:\/\/beniuk.gr5.pl\/apologetyka2\/wp-json\/wp\/v2\/comments?post=341"}],"version-history":[{"count":0,"href":"https:\/\/beniuk.gr5.pl\/apologetyka2\/wp-json\/wp\/v2\/posts\/341\/revisions"}],"wp:attachment":[{"href":"https:\/\/beniuk.gr5.pl\/apologetyka2\/wp-json\/wp\/v2\/media?parent=341"}],"wp:term":[{"taxonomy":"category","embeddable":true,"href":"https:\/\/beniuk.gr5.pl\/apologetyka2\/wp-json\/wp\/v2\/categories?post=341"},{"taxonomy":"post_tag","embeddable":true,"href":"https:\/\/beniuk.gr5.pl\/apologetyka2\/wp-json\/wp\/v2\/tags?post=341"}],"curies":[{"name":"wp","href":"https:\/\/api.w.org\/{rel}","templated":true}]}}