{"id":339,"date":"2017-07-24T13:30:47","date_gmt":"2017-07-24T11:30:47","guid":{"rendered":"https:\/\/beniuk.gr5.pl\/apologetyka2\/?p=339"},"modified":"2017-07-24T13:30:47","modified_gmt":"2017-07-24T11:30:47","slug":"myslenie-potoczne-a-logika","status":"publish","type":"post","link":"https:\/\/beniuk.gr5.pl\/apologetyka2\/myslenie-potoczne-a-logika\/","title":{"rendered":"My\u015blenie potoczne a logika"},"content":{"rendered":"<p>Sztuka i Filozofia 18, 194-198,\u00a02000<br \/>\nWojciech S\u0142omski<br \/>\nNiewielka rozmiarami ksi\u0105\u017ceczka T. Ho\u0142\u00f3wki zaskakuje przede wszys-<br \/>\ntkim dlatego, \u017ce stanowi rzadkie w literaturze przedmiotu zjawisko,<br \/>\nkt\u00f3rego niezwyk\u0142o\u015b\u0107 polega na prostej konstatacji, i\u017c stan wiedzy logicznej<br \/>\noraz kondycja samej logiki pozostawiaj\u0105, wbrew pozorom, wiele do<br \/>\n\u017cyczenia. Ju\u017c samo okre\u015blenie tej dyscypliny jako \u201elogiki stosowanej\u201d<br \/>\nbudzi\u0107 mo\u017ce powa\u017cne zaniepokojenie adherent\u00f3w logiki czystej, najlepiej<br \/>\nwchodz\u0105cej w sk\u0142ad matematyki, a wi\u0119c programowo lekcewa\u017c\u0105cej swoje<br \/>\nzwi\u0105zki z my\u015bleniem takim, jakie ono rzeczywi\u015bcie jest w g\u0142owach<br \/>\nzar\u00f3wno samych logik\u00f3w, jak i ludzi, kt\u00f3rzy przewa\u017cnie nie do ko\u0144ca<br \/>\nzdaj\u0105 sobie spraw\u0119 z istnienia logiki jako samodzielnej nauki.<br \/>\n&nbsp;<br \/>\n<a href=\"https:\/\/drive.google.com\/file\/d\/0BwuuniaB1InLT1d2RUtobW42Nk0\/view?usp=sharing\" target=\"_blank\" rel=\"noopener noreferrer\">https:\/\/drive.google.com\/file\/d\/0BwuuniaB1InLT1d2RUtobW42Nk0\/view?usp=sharing<\/a><\/p>\n","protected":false},"excerpt":{"rendered":"<p>Sztuka i Filozofia 18, 194-198,\u00a02000 Wojciech S\u0142omski Niewielka rozmiarami ksi\u0105\u017ceczka T. Ho\u0142\u00f3wki zaskakuje przede wszys- tkim dlatego, \u017ce stanowi rzadkie w literaturze przedmiotu zjawisko, kt\u00f3rego niezwyk\u0142o\u015b\u0107 polega na prostej konstatacji, i\u017c stan wiedzy logicznej oraz kondycja samej logiki pozostawiaj\u0105, wbrew&hellip; <\/p>\n","protected":false},"author":1,"featured_media":0,"comment_status":"open","ping_status":"closed","sticky":false,"template":"","format":"standard","meta":{"_sitemap_exclude":false,"_sitemap_priority":"","_sitemap_frequency":"","footnotes":""},"categories":[969],"tags":[],"class_list":["post-339","post","type-post","status-publish","format-standard","hentry","category-artykuly-naukowe-filozofia-logika"],"_links":{"self":[{"href":"https:\/\/beniuk.gr5.pl\/apologetyka2\/wp-json\/wp\/v2\/posts\/339","targetHints":{"allow":["GET"]}}],"collection":[{"href":"https:\/\/beniuk.gr5.pl\/apologetyka2\/wp-json\/wp\/v2\/posts"}],"about":[{"href":"https:\/\/beniuk.gr5.pl\/apologetyka2\/wp-json\/wp\/v2\/types\/post"}],"author":[{"embeddable":true,"href":"https:\/\/beniuk.gr5.pl\/apologetyka2\/wp-json\/wp\/v2\/users\/1"}],"replies":[{"embeddable":true,"href":"https:\/\/beniuk.gr5.pl\/apologetyka2\/wp-json\/wp\/v2\/comments?post=339"}],"version-history":[{"count":0,"href":"https:\/\/beniuk.gr5.pl\/apologetyka2\/wp-json\/wp\/v2\/posts\/339\/revisions"}],"wp:attachment":[{"href":"https:\/\/beniuk.gr5.pl\/apologetyka2\/wp-json\/wp\/v2\/media?parent=339"}],"wp:term":[{"taxonomy":"category","embeddable":true,"href":"https:\/\/beniuk.gr5.pl\/apologetyka2\/wp-json\/wp\/v2\/categories?post=339"},{"taxonomy":"post_tag","embeddable":true,"href":"https:\/\/beniuk.gr5.pl\/apologetyka2\/wp-json\/wp\/v2\/tags?post=339"}],"curies":[{"name":"wp","href":"https:\/\/api.w.org\/{rel}","templated":true}]}}