{"id":3117,"date":"2020-02-21T10:47:07","date_gmt":"2020-02-21T09:47:07","guid":{"rendered":"https:\/\/beniuk.gr5.pl\/apologetyka2\/?p=3117"},"modified":"2020-02-21T10:47:07","modified_gmt":"2020-02-21T09:47:07","slug":"marsz-dla-jezusa-zielonoswiatkowa-ewangelizacja-w-polsce","status":"publish","type":"post","link":"https:\/\/beniuk.gr5.pl\/apologetyka2\/marsz-dla-jezusa-zielonoswiatkowa-ewangelizacja-w-polsce\/","title":{"rendered":"Marsz dla Jezusa &#8211; Zielono\u015bwi\u0105tkowa ewangelizacja w Polsce"},"content":{"rendered":"<p><img loading=\"lazy\" decoding=\"async\" class=\"alignnone size-full wp-image-3118\" src=\"https:\/\/beniuk.gr5.pl\/apologetyka2\/wp-content\/uploads\/2020\/02\/2020-02-21_103846.png\" alt=\"\" width=\"1038\" height=\"524\" srcset=\"https:\/\/beniuk.gr5.pl\/apologetyka2\/wp-content\/uploads\/2020\/02\/2020-02-21_103846.png 1038w, https:\/\/beniuk.gr5.pl\/apologetyka2\/wp-content\/uploads\/2020\/02\/2020-02-21_103846-300x151.png 300w, https:\/\/beniuk.gr5.pl\/apologetyka2\/wp-content\/uploads\/2020\/02\/2020-02-21_103846-1024x517.png 1024w, https:\/\/beniuk.gr5.pl\/apologetyka2\/wp-content\/uploads\/2020\/02\/2020-02-21_103846-768x388.png 768w\" sizes=\"auto, (max-width: 1038px) 100vw, 1038px\" \/><br \/>\n<b>\u201eTydzie\u0144 Jezusa\u201d<\/b><span style=\"font-weight: 400;\"> \u2013 jest og\u00f3lnopolskim wydarzeniem, kt\u00f3re od wielu lat cyklicznie odbywa si\u0119 w wielu miastach w Polsce. Centralnym punktem tygodniowych obchod\u00f3w jest \u201eMarsz dla Jezusa\u201d, podczas kt\u00f3rego setki chrze\u015bcijan maszeruj\u0105 ulicami miast manifestuj\u0105c swoj\u0105 wiar\u0119. Wydarzenie to przyw\u0119drowa\u0142o do Polski z Kanady, gdzie szczeg\u00f3lnie w Calgary \u201eMarsz dla Jezusa\u201d cieszy si\u0119 ogromn\u0105 popularno\u015bci\u0105. Inicjatorem i g\u0142\u00f3wnym organizatorem Marszu dla Jezusa w Warszawie jest Artur Paw\u0142owski, pastor \u201eStreet Church\u201d w Calgary oraz inicjator i organizator pierwszego spotkania Ko\u015bcio\u0142a Ulicznego w Warszawie.\u00a0<\/span><br \/>\n<span style=\"font-weight: 400;\">To co na samym pocz\u0105tku nale\u017cy wyja\u015bni\u0107 jest to, \u017ce <\/span><span style=\"font-weight: 400;\">za ca\u0142\u0105 inicjatyw\u0105 stoj\u0105 r\u00f3\u017cne zbory zielono\u015bwi\u0105tkowe<\/span><span style=\"font-weight: 400;\">, a co za tym idzie wszystko organizowane jest w spos\u00f3b protestancki. Poni\u017cej lista partnerskich \u201eko\u015bcio\u0142\u00f3w\u201d bior\u0105cych udzia\u0142 w tym wydarzeniu:<\/span><br \/>\n<img loading=\"lazy\" decoding=\"async\" class=\"alignnone size-full wp-image-3119\" src=\"https:\/\/beniuk.gr5.pl\/apologetyka2\/wp-content\/uploads\/2020\/02\/2020-02-21_103855.png\" alt=\"\" width=\"726\" height=\"405\" srcset=\"https:\/\/beniuk.gr5.pl\/apologetyka2\/wp-content\/uploads\/2020\/02\/2020-02-21_103855.png 726w, https:\/\/beniuk.gr5.pl\/apologetyka2\/wp-content\/uploads\/2020\/02\/2020-02-21_103855-300x167.png 300w\" sizes=\"auto, (max-width: 726px) 100vw, 726px\" \/><br \/>\n<span style=\"font-weight: 400;\">Podczas marszu b\u0119d\u0105 mia\u0142y miejsce nauczania, chrzty, koncerty oraz publiczne nabo\u017ce\u0144stwa. Na potrzeby tej inicjatywy z USA do Polski przyjad\u0105 najwybitniejsi muzycy zielono\u015bwi\u0105tkowi tacy jak Tommy Zito, Justin oraz wielu Polskich artyst\u00f3w. Wspomn\u0119 tylko \u017ce muzyk Justin jest osob\u0105, kt\u00f3ra \u015bpiewa\u0142 dla ikony ruchu zielono\u015bwi\u0105tkowego Davida Wilkersona i Nickiego Cruza.\u00a0<\/span><br \/>\n&nbsp;<br \/>\n<a href=\"https:\/\/www.facebook.com\/marszdlajezusa\/videos\/2366925350302086\/\"><span style=\"font-weight: 400;\">https:\/\/www.facebook.com\/marszdlajezusa\/videos\/2366925350302086\/<\/span><\/a><br \/>\n<a href=\"https:\/\/www.facebook.com\/marszdlajezusa\/videos\/910057632659819\/\"><span style=\"font-weight: 400;\">https:\/\/www.facebook.com\/marszdlajezusa\/videos\/910057632659819\/<\/span><\/a><br \/>\n<span style=\"font-weight: 400;\">Historia nawr\u00f3cenia Nickiego Cruza zosta\u0142a opisana w ksi\u0105\u017cce \u201eKrzy\u017c i sztylet\u201d. Ksi\u0105\u017cka ta jest bestselerem w kategorii ksi\u0105\u017cek chrze\u015bcija\u0144skich. Jest r\u00f3wnie\u017c lektur\u0105 <\/span><span style=\"font-weight: 400;\">obowi\u0105zkow\u0105 dla katolickich charyzmatyk\u00f3w.<\/span><br \/>\n<span style=\"font-weight: 400;\">Chcia\u0142bym przytoczy\u0107 kilka fragment\u00f3w opisuj\u0105cych cele\u00a0 \u201eMarsz dla Jezusa\u201d:\u00a0<\/span><br \/>\n&nbsp;<br \/>\n<span style=\"font-weight: 400;\">Po pierwsze jak zwykle s\u0105 tutaj mieszane r\u00f3\u017cne wydarzenia z historii chrze\u015bcija\u0144stwa.\u00a0<\/span><br \/>\n<img loading=\"lazy\" decoding=\"async\" class=\"alignnone size-full wp-image-3120\" src=\"https:\/\/beniuk.gr5.pl\/apologetyka2\/wp-content\/uploads\/2020\/02\/2020-02-21_103905.png\" alt=\"\" width=\"918\" height=\"342\" srcset=\"https:\/\/beniuk.gr5.pl\/apologetyka2\/wp-content\/uploads\/2020\/02\/2020-02-21_103905.png 918w, https:\/\/beniuk.gr5.pl\/apologetyka2\/wp-content\/uploads\/2020\/02\/2020-02-21_103905-300x112.png 300w, https:\/\/beniuk.gr5.pl\/apologetyka2\/wp-content\/uploads\/2020\/02\/2020-02-21_103905-768x286.png 768w\" sizes=\"auto, (max-width: 918px) 100vw, 918px\" \/><br \/>\n<span style=\"font-weight: 400;\">Ju\u017c na samym pocz\u0105tku pada chwytliwy argument m\u00f3wi\u0105cy \u017ce <\/span><span style=\"font-weight: 400;\">wjazd Pana Jezusa do Jerozolimy by\u0142 tym samym czym dzisiaj jest \u201eMarsz dla Jezusa\u201d<\/span><span style=\"font-weight: 400;\">. Wszystko po to aby nasz nar\u00f3d nareszcie dozna\u0142 duchowego przebudzenia. Przebudzenie jest mo\u017cliwe poprzez wsp\u00f3lnotowe uwielbienie w kt\u00f3rym muzyka odgrywa znacz\u0105c\u0105 rol\u0119.<\/span><br \/>\n<span style=\"font-weight: 400;\">Po to aby przyci\u0105gn\u0105\u0107 katolik\u00f3w bardzo cz\u0119sto zielono\u015bwi\u0105tkowcy powo\u0142uj\u0105 si\u0119 na r\u00f3\u017cnych mistyk\u00f3w KK wyra\u017caj\u0105c do nich wielki szacunek. Nigdy jednak nie wspominaj\u0105 o ich oddaniu dla Maryi Panny oraz o tym \u017ce to co naprawd\u0119 ich budowa\u0142o to Msza \u015awi\u0119ta.<\/span><br \/>\n&nbsp;<br \/>\n<span style=\"font-weight: 400;\">W dalszej cz\u0119\u015bci cel\u00f3w wymieniani s\u0105 ojcowie ruchu zielono\u015bwi\u0105tkowego, kt\u00f3rzy w filialnym zestawieniu <\/span><span style=\"font-weight: 400;\">s\u0105 na r\u00f3wni z mistykami KK.<\/span><br \/>\n<a href=\"http:\/\/marszdlajezusa.pl\/cel\/\"><span style=\"font-weight: 400;\">http:\/\/marszdlajezusa.pl\/cel\/<\/span><\/a><br \/>\n<span style=\"font-weight: 400;\">Jednym z etap\u00f3w \u201eMarszu dla Jezusa\u201d jest <\/span><span style=\"font-weight: 400;\">modlitwa pod Pa\u0142acem Prezydenckim<\/span><span style=\"font-weight: 400;\"> oraz nieustanne uwalnianie od z\u0142a\u00a0 i gromienie szata\u0144skich mocy:<\/span><br \/>\n<a href=\"https:\/\/www.facebook.com\/marszdlajezusa\/videos\/1155139244633853\/?t=231\"><span style=\"font-weight: 400;\">https:\/\/www.facebook.com\/marszdlajezusa\/videos\/1155139244633853\/?t=231<\/span><\/a><br \/>\n<span style=\"font-weight: 400;\">Ta\u0144ce przy \u017cydowskiej muzyce:<\/span><br \/>\n<a href=\"https:\/\/youtu.be\/tTce-lSnTHE?t=696\"><span style=\"font-weight: 400;\">https:\/\/youtu.be\/tTce-lSnTHE?t=696<\/span><\/a><br \/>\n<span style=\"font-weight: 400;\">Og\u0142aszane jest duchowe przebudzenie w narodzie. Przebudzenie, kt\u00f3re w naszym kraju nie mia\u0142o jeszcze miejsca:<\/span><br \/>\n<a href=\"https:\/\/youtu.be\/b6UgOMr-HgA?t=961\"><span style=\"font-weight: 400;\">https:\/\/youtu.be\/b6UgOMr-HgA?t=961<\/span><\/a><br \/>\n<span style=\"font-weight: 400;\">Naucza si\u0119 o tym, \u017ce Pana Jezusa nie ma w budynkach ko\u015bcio\u0142\u00f3w ale na ulicach:<\/span><br \/>\n<a href=\"https:\/\/www.youtube.com\/watch?v=tTce-lSnTHE&amp;feature=youtu.be&amp;t=181\"><span style=\"font-weight: 400;\">https:\/\/www.youtube.com\/watch?v=tTce-lSnTHE&amp;feature=youtu.be&amp;t=181<\/span><\/a><br \/>\n<span style=\"font-weight: 400;\">Tylko w jednej og\u00f3lno chrze\u015bcija\u0144skiej religii jest prawda:<\/span><br \/>\n<a href=\"https:\/\/www.youtube.com\/watch?v=tTce-lSnTHE&amp;feature=youtu.be&amp;t=632\"><span style=\"font-weight: 400;\">https:\/\/www.youtube.com\/watch?v=tTce-lSnTHE&amp;feature=youtu.be&amp;t=632<\/span><\/a><br \/>\n&nbsp;<br \/>\n<span style=\"font-weight: 400;\">Podczas \u201eTygodnia dla Jezusa\u201d b\u0119d\u0105 r\u00f3wnie\u017c <\/span><span style=\"font-weight: 400;\">\u201eNamioty uzdrowienia\u201d<\/span><span style=\"font-weight: 400;\"> otwarte dla wszystkich. Idea ta jest od dawna praktykowana przez \u201eKo\u015bci\u00f3\u0142 Uliczny\u201d w Warszawie\u201d<\/span><br \/>\n<i><span style=\"font-weight: 400;\">\u201eW Warszawie namiot uzdrowienia jest czynny w ka\u017cd\u0105 \u015brod\u0119 w godzinach 19-21 na Patelni, przy stacji Metro Centrum\u201d.<\/span><\/i><br \/>\n&nbsp;<br \/>\n<a href=\"https:\/\/www.facebook.com\/namiotuzdrowienia\/videos\/943149089184341\/?t=1\"><span style=\"font-weight: 400;\">https:\/\/www.facebook.com\/namiotuzdrowienia\/videos\/943149089184341\/?t=1<\/span><\/a><br \/>\n<a href=\"http:\/\/www.koscioluliczny.pl\/index.php?id=7\"><span style=\"font-weight: 400;\">http:\/\/www.koscioluliczny.pl\/index.php?id=7<\/span><\/a><br \/>\n<span style=\"font-weight: 400;\">Trzeba przyzna\u0107, \u017ce idea chwytliwa, w zewn\u0119trznym odbiorze &#8211; pozytywna. W dobie ci\u0105g\u0142ych atak\u00f3w na KK oraz znieczulicy spo\u0142ecznej na sprawy wiary wydawa\u0142o by si\u0119, <\/span><span style=\"font-weight: 400;\">\u017ce jest to prawdziwy strza\u0142 w dziesi\u0105tk\u0119.<\/span><span style=\"font-weight: 400;\"> Jak ju\u017c wspomnia\u0142em \u201eMarsz dla Jezusa\u201d organizowane s\u0105 w Kanadzie od wielu lat,\u00a0 w tym r\u00f3wnie\u017c i w Polsce. Cho\u0107 dzisiaj w KK ekumenizm jest bardzo popularny, to czy jednak udzia\u0142 w takim marszu przez katolika jest w\u0142a\u015bciwy?\u00a0<\/span><br \/>\n<span style=\"font-weight: 400;\">W poni\u017cszym wywiadzie pan Paw\u0142owswki skar\u017cy si\u0119 na brak otwarto\u015bci Polak\u00f3w na ekumeniczn\u0105 wsp\u00f3\u0142prac\u0119. Zupe\u0142nie inaczej jest w Kanadzie, gdzie <\/span><span style=\"font-weight: 400;\">\u201eKo\u015bci\u00f3\u0142 Uliczny\u201d wsp\u00f3\u0142pracuje z KK:<\/span><br \/>\n<a href=\"https:\/\/www.youtube.com\/watch?v=Nz_w8T-dv74&amp;feature=youtu.be&amp;t=199\"><span style=\"font-weight: 400;\">https:\/\/www.youtube.com\/watch?v=Nz_w8T-dv74&amp;feature=youtu.be&amp;t=199<\/span><\/a><br \/>\n<span style=\"font-weight: 400;\">Trafn\u0105 wypowied\u017a w tym temacie udziel\u0142 ju\u017c w 2013r ks.Marek Danielewski:<\/span><br \/>\n<i><span style=\"font-weight: 400;\">&#8222;Dla katolika nie powinno by\u0107 oboj\u0119tne, kto formuje jego wiar\u0119. Tym bardziej, trudno podejmowa\u0107 dialog ze wsp\u00f3lnotami chrze\u015bcija\u0144skimi, o kt\u00f3rych wierze tak naprawd\u0119 niewiele wiadomo. W tym tkwi niebezpiecze\u0144stwo kontaktu z ulicznymi ewangelizatorami, kt\u00f3rzy jedynie do\u015b\u0107 og\u00f3lnie m\u00f3wi\u0105 o mi\u0142o\u015bci Boga. W\u00f3wczas do\u015b\u0107 trudno rozpozna\u0107, czy to co g\u0142osz\u0105, godzi w moj\u0105 wiar\u0119 &#8211; m\u00f3wi ks. Marek Danielewski, referent ds. ekumenizmu w archidiecezji warszawskiej.&#8221;<\/span><\/i><br \/>\n<a href=\"https:\/\/warszawa.gosc.pl\/doc\/1559245.Marsz-dla-Jezusa-Ostroznie?fbclid=IwAR1kz6GK2ahTfMBbj70Tg-anqlDWB2D5NzsU724qaA1gB00OF2ugUL2En3M\"><span style=\"font-weight: 400;\">https:\/\/warszawa.gosc.pl\/&#8230;\/1559245.Marsz-dla-Jezusa&#8230;<\/span><span style=\"font-weight: 400;\"><br \/>\n<\/span><span style=\"font-weight: 400;\"><br \/>\n<\/span><\/a><span style=\"font-weight: 400;\">Ciekawe ilu zielono\u015bwi\u0105tkowc\u00f3w wzi\u0119\u0142o udzia\u0142 w katolickiej inicjatywie &#8222;R\u00f3\u017caniec do granic&#8221; lub te\u017c w &#8222;Wielkiej Pokucie&#8221;. O ile Katolicy (r\u00f3wnie\u017c i najbardziej znani charyzmatycy w KK) bior\u0105 udzia\u0142 w modlitwach czy wydarzeniach organizowanych przez Protestant\u00f3w, o tyle <\/span><span style=\"font-weight: 400;\">Protestanci nie pojawiaj\u0105 si\u0119 na katolickich wydarzeniach.<\/span><br \/>\n<span style=\"font-weight: 400;\">Osobi\u015bcie szczerze jestem zm\u0119czony podzia\u0142ami i ci\u0105g\u0142ym punktowaniem tre\u015bci nauczania zielono\u015bwi\u0105tkowc\u00f3w (herezji), jednak gdyby nie to, zatraci\u0142 bym ju\u017c dawno zmys\u0142 katolicki oraz wiedz\u0119 na temat nauczania KK.<\/span><br \/>\n<span style=\"font-weight: 400;\">By\u0142oby bardzo niesprawiedliwym nie <\/span><span style=\"font-weight: 400;\">wspomnie\u0107 o dzia\u0142alno\u015bci charytatywnej pana Paw\u0142owskiego.<\/span><span style=\"font-weight: 400;\"> Jego posta\u0107 w Polsce nabra\u0142a rozg\u0142osu po wyemitowanym reporta\u017cu \u201eAdwokat Ulicy\u201d w kt\u00f3rym to przedstawia koleje swojego losu oraz to \u017ce ca\u0142e swoje \u017cycie po\u015bwi\u0119ci ewangelizacji na ulicy:<\/span><br \/>\n<a href=\"https:\/\/drive.google.com\/open?id=1nBwJMWhdiwvyz5AcPaG2INNsda_N2a6L\"><span style=\"font-weight: 400;\">https:\/\/drive.google.com\/open?id=1nBwJMWhdiwvyz5AcPaG2INNsda_N2a6L<\/span><\/a><br \/>\n<span style=\"font-weight: 400;\">Pisa\u0142 o tym r\u00f3wnie\u017c portal \u201eDeon\u201d:<\/span><br \/>\n<a href=\"http:\/\/deon24.com\/twoje-zycie-takze-moze-byc-przykladem-na-cud-artur-pawlowski-opowiada-o-szansie-jaka-dostal-od-samego-boga\/\"><span style=\"font-weight: 400;\">http:\/\/deon24.com\/twoje-zycie-takze-moze-byc-przykladem-na-cud-artur-pawlowski-opowiada-o-szansie-jaka-dostal-od-samego-boga\/<\/span><\/a><br \/>\n<span style=\"font-weight: 400;\">W takich momentach rodzi si\u0119 pewne zawahanie, <\/span><span style=\"font-weight: 400;\">jak oceni\u0107 dzia\u0142alno\u015b\u0107 tego zielono\u015bwi\u0105tkowego ewangelizatora?<\/span><span style=\"font-weight: 400;\"> Z jednej strony mamy dzia\u0142alno\u015b\u0107 na rzecz ludzi z marginesu spo\u0142ecze\u0144stwa, ludzi w na\u0142ogach i na bakier z prawem. Tych ludzi w pewien spos\u00f3b wyci\u0105ga si\u0119 z dna i oferuje lepsze \u017cycie. \u017bycie z Jezusem. <\/span><span style=\"font-weight: 400;\">Jednak\u017ce z jak\u0105 \u201ewersj\u0105\u201d Pana Jezusa?<\/span><span style=\"font-weight: 400;\"> Jezusa kt\u00f3rego nie znajdzie si\u0119 w budynkach ko\u015bcio\u0142\u00f3w? Jezusa kt\u00f3rego nie znajdzie si\u0119 w przepisach prawa ko\u015bcielnego? Zielono\u015bwi\u0105tkowy \u201eKo\u015bci\u00f3\u0142 Uliczny\u201d w\u0142a\u015bnie g\u0142osi w ten spos\u00f3b, \u017ce Jezus obecny jest na ulicy, w\u015br\u00f3d bezdomnych i \u017cebrak\u00f3w. Jest to prawd\u0105, jednak nie ca\u0142\u0105 prawd\u0105. W ko\u0144cowym efekcie mamy do czynienia nie ze zbli\u017ceniem do sakrament\u00f3w \u015bwi\u0119tych ale do ca\u0142kowitej ich negacji.<\/span><br \/>\n<span style=\"font-weight: 400;\">Jak powinien zachowa\u0107 si\u0119 katoli gdy us\u0142yszy o idei \u201eMarszu dla Jezusa\u201d? Tak jak pisa\u0142em, idea jest bardzo chwytliwa. Radosny marsz ze \u015bpiewem i modlitw\u0105 na ustach. Dodatkowo za ca\u0142\u0105 inicjatyw\u0105 stoi pomoc ludziom w kryzysie materialnym i duchowym. Czy zatem w\u0142a\u015bciwym jest chocia\u017c polajkowa\u0107 wpis na FB, a mo\u017ce nawet wzi\u0105\u0107 udzia\u0142 w marszu?\u00a0<\/span><br \/>\n<span style=\"font-weight: 400;\">\u00a0Przede wszystkim nale\u017cy zastanowi\u0107 si\u0119 czy naprawd\u0119 kocha si\u0119 Ko\u015bci\u00f3\u0142 Katolicki i czy naprawd\u0119 wierzy si\u0119 w zbawcz\u0105 moc sakrament\u00f3w<\/span><span style=\"font-weight: 400;\">. Je\u017celi tak, to uczestnictwo w marszu czy nawet jego lajkowanie jest popieraniem fa\u0142szywej idei m\u00f3wi\u0105cej o tym, \u017ce to co KK zbudowa\u0142 przez wieki by\u0142o b\u0142\u0119dem. Zamiast przy\u0142\u0105cza\u0107 si\u0119 do g\u0142oszenia niepe\u0142nej, cz\u0119sto wypaczonej p\u00f3\u0142prawdy lub ca\u0142kowitego k\u0142amstwa o Panu Jezusie, stosowniejsze jest przy\u0142\u0105czenie si\u0119 do katolickich inicjatyw. Owszem nie s\u0105 one nastawione na akcent zabawy czy poklasku. Jednak moc modlitwy r\u00f3\u017ca\u0144cowej czy sakramentalnej spowiedzi w perspektywie \u017cycia wiecznego ma znacznie wi\u0119ksze znaczenie gdy\u017c prowadzi do zbawienia.<\/span><br \/>\n<span style=\"font-weight: 400;\">\u00a0Zach\u0119cam do przeczytania innego tekstu, gdzie poruszy\u0142em temat zielono\u015bwi\u0105tkowej inicjatywy \u201ePolska dla Jezusa\u201d pastora Jerzego Rycharskiego oraz koneksji\u00a0 katolickim Ruchem Charyzmatycznym:\u00a0<\/span><br \/>\n<a href=\"https:\/\/www.facebook.com\/groups\/129185981013338\/permalink\/174728826459053\/\"><span style=\"font-weight: 400;\">https:\/\/www.facebook.com\/groups\/129185981013338\/permalink\/174728826459053\/<\/span><\/a><br \/>\n&nbsp;<\/p>\n","protected":false},"excerpt":{"rendered":"<p>\u201eTydzie\u0144 Jezusa\u201d \u2013 jest og\u00f3lnopolskim wydarzeniem, kt\u00f3re od wielu lat cyklicznie odbywa si\u0119 w wielu miastach w Polsce. Centralnym punktem tygodniowych obchod\u00f3w jest \u201eMarsz dla Jezusa\u201d, podczas kt\u00f3rego setki chrze\u015bcijan maszeruj\u0105 ulicami miast manifestuj\u0105c swoj\u0105 wiar\u0119. Wydarzenie to przyw\u0119drowa\u0142o do&hellip; <\/p>\n","protected":false},"author":1,"featured_media":0,"comment_status":"open","ping_status":"closed","sticky":false,"template":"","format":"standard","meta":{"_sitemap_exclude":false,"_sitemap_priority":"","_sitemap_frequency":"","footnotes":""},"categories":[1034],"tags":[229,230,234,715,1070],"class_list":["post-3117","post","type-post","status-publish","format-standard","hentry","category-problemy-charyzmatyczne","tag-charyzmaty","tag-charyzmatycy","tag-chrzescijanie","tag-ruch-charyzmatyczny","tag-zielonoswiatkowcy"],"_links":{"self":[{"href":"https:\/\/beniuk.gr5.pl\/apologetyka2\/wp-json\/wp\/v2\/posts\/3117","targetHints":{"allow":["GET"]}}],"collection":[{"href":"https:\/\/beniuk.gr5.pl\/apologetyka2\/wp-json\/wp\/v2\/posts"}],"about":[{"href":"https:\/\/beniuk.gr5.pl\/apologetyka2\/wp-json\/wp\/v2\/types\/post"}],"author":[{"embeddable":true,"href":"https:\/\/beniuk.gr5.pl\/apologetyka2\/wp-json\/wp\/v2\/users\/1"}],"replies":[{"embeddable":true,"href":"https:\/\/beniuk.gr5.pl\/apologetyka2\/wp-json\/wp\/v2\/comments?post=3117"}],"version-history":[{"count":0,"href":"https:\/\/beniuk.gr5.pl\/apologetyka2\/wp-json\/wp\/v2\/posts\/3117\/revisions"}],"wp:attachment":[{"href":"https:\/\/beniuk.gr5.pl\/apologetyka2\/wp-json\/wp\/v2\/media?parent=3117"}],"wp:term":[{"taxonomy":"category","embeddable":true,"href":"https:\/\/beniuk.gr5.pl\/apologetyka2\/wp-json\/wp\/v2\/categories?post=3117"},{"taxonomy":"post_tag","embeddable":true,"href":"https:\/\/beniuk.gr5.pl\/apologetyka2\/wp-json\/wp\/v2\/tags?post=3117"}],"curies":[{"name":"wp","href":"https:\/\/api.w.org\/{rel}","templated":true}]}}