{"id":2455,"date":"2020-02-06T21:15:21","date_gmt":"2020-02-06T20:15:21","guid":{"rendered":"https:\/\/beniuk.gr5.pl\/apologetyka2\/?p=2455"},"modified":"2024-01-23T11:44:57","modified_gmt":"2024-01-23T11:44:57","slug":"czy-ma-racje-ks-tomasz-szalanda-ktory-w-obronie-marcina-zielinskiego-zabrania-katolikom-wypowiedzi-na-temat-kosciola","status":"publish","type":"post","link":"https:\/\/beniuk.gr5.pl\/apologetyka2\/czy-ma-racje-ks-tomasz-szalanda-ktory-w-obronie-marcina-zielinskiego-zabrania-katolikom-wypowiedzi-na-temat-kosciola\/","title":{"rendered":"Czy ma racj\u0119 Ks. Tomasz Sza\u0142anda, kt\u00f3ry w obronie Marcina Zieli\u0144skiego, zabrania katolikom wypowiedzi na temat Ko\u015bcio\u0142a?"},"content":{"rendered":"<p><img loading=\"lazy\" decoding=\"async\" class=\" wp-image-2468\" src=\"https:\/\/beniuk.gr5.pl\/apologetyka2\/wp-content\/uploads\/2020\/02\/iss_22196_00041.jpg\" alt=\"\" width=\"238\" height=\"238\" srcset=\"https:\/\/beniuk.gr5.pl\/apologetyka2\/wp-content\/uploads\/2020\/02\/iss_22196_00041.jpg 350w, https:\/\/beniuk.gr5.pl\/apologetyka2\/wp-content\/uploads\/2020\/02\/iss_22196_00041-300x300.jpg 300w, https:\/\/beniuk.gr5.pl\/apologetyka2\/wp-content\/uploads\/2020\/02\/iss_22196_00041-150x150.jpg 150w, https:\/\/beniuk.gr5.pl\/apologetyka2\/wp-content\/uploads\/2020\/02\/iss_22196_00041-230x230.jpg 230w\" sizes=\"auto, (max-width: 238px) 100vw, 238px\" \/><br \/>\nW pa\u017adzierniku w 2018 roku na stronie www.zwiedzeni.pl oraz w serwisie You Tube ukaza\u0142 film, w kt\u00f3rym autorzy m. in Anna Kura\u015b, oskar\u017cyli , Marcina Zieli\u0144skiego lidera wsp\u00f3lnoty ze Skierniewic, o zwiedzenie demoniczne, gdy\u017c w przekonaniu autor\u00f3w filmu przenosi przekonania i zachowaniach protestanckie do Ko\u015bcio\u0142a Katolickiego.<br \/>\nAutorzy filmu przedstawili tak\u017ce liczne dowody \u015bwiadcz\u0105ce o zagro\u017ceniu jakie niesie szeroko rozumiana dzia\u0142alno\u015b\u0107 Marcina Zieli\u0144skiego i wsp\u00f3lnoty &#8222;G\u0142os Pana&#8221;, co na filmie znajduje potwierdzenie w zeznaniach \u015bwiadk\u00f3w i \u015bwiadectwa by\u0142ych cz\u0142onk\u00f3w wsp\u00f3lnoty. W filmie przedstawiono, \u017ce owocem tej dzia\u0142alno\u015bci mo\u017ce by\u0107 stopniowa utrata to\u017csamo\u015bci katolickiej wiernych, jak r\u00f3wnie\u017c pojawienie si\u0119 problem\u00f3w natury duchowej czy w konsekwencji mo\u017cliwo\u015b\u0107 odej\u015bcia z Ko\u015bcio\u0142a katolickiego.<br \/>\nTwierdz\u0105, \u017ce faktem jest zainteresowanie Marcina Zieli\u0144skiego nurtem Toronto Blessing, jak r\u00f3wnie\u017c czerpanie wzorc\u00f3w z naucza\u0144 protestanckich kaznodziej\u00f3w, stosowanie technik okultystycznych oraz manipulacja S\u0142owem Bo\u017cym.<br \/>\nUczestnicy wsp\u00f3lnoty i \u015bwiadkowie w materiale zwiedzeni.pl m. In. stwierdzili publicznie, \u017ce lider katolickiej wsp\u00f3lnoty w Skierniewicach m. in:<br \/>\n&#8211; g\u0142osi Ewangeli\u0119 bez krzy\u017ca, ma\u0142o m\u00f3wione o krzy\u017cy, o cierpieniu, o Sakramentach, o pokucie, zwraca si\u0119 do protestant\u00f3w o interpretacje Biblii, ca\u0142y czas jest skupiony na nauce protestanckiej, by\u0142y promowane ksi\u0105\u017cki protestant\u00f3w, &#8222;chc\u0119 Twojego ognia&#8221; &#8211; traktuje kolejne charyzmaty jak zdolno\u015bci harcerskie, wymuszanie wskrzeszania &#8211; ca\u0142kowite skupienie si\u0119 na znakach, ma przekonanie, \u017ce wszystko pochodzi od Ducha \u015awi\u0119tego, protestantka nak\u0142ada\u0142a r\u0119ce na katolik\u00f3w we wsp\u00f3lnocie potem \u201ewyprowadzi\u0142a\u201d ze wsp\u00f3lnoty do protestant\u00f3w 6 os\u00f3b, \u015bwiadek stwierdzi\u0142, lider naucza\u0142, \u017ce \u201enie musisz nic robi\u0107, Pan Jezus ju\u017c Ci\u0119 zbawi\u0142, a tak\u017ce &#8221; Ty nie m\u00f3dl si\u0119 o samoch\u00f3d &#8211; ty my\u015bl, \u017ce ty go dostaniesz&#8221; &#8211; &#8222;Ty miej pewno\u015b\u0107, \u017ce go dostaniesz&#8221; oraz \u201eje\u015bli czujesz, \u017ce co\u015b dostaniesz to nie czekaj a bierz, jak tak dosta\u0142em samoch\u00f3d\u201d, zabroni\u0142 ocenia\u0107 manifestacje duchowe.<br \/>\no sposobie modlitwy: dziewczyna dosta\u0142a drgawek gdy wznosi\u0142a r\u0119ce do g\u00f3ry, po kilku sekundach upad\u0142a na ziemi\u0119, m\u0119\u017cczyzna przewr\u00f3ci\u0142 si\u0119 na ziemi\u0119 i dosta\u0142 drgawek, ludzie dostawali &#8222;szyderczy \u015bmiech&#8221;. \u015amiech by\u0142 niekontrolowany, w ci\u0105gu godziny 3 razy upad\u0142a niczym ra\u017cona piorunem, trz\u0119s\u0142y jej si\u0119 r\u0119ce od nadgarstk\u00f3w w g\u00f3r\u0119, \u017cona \u015bwiadka do\u015bwiadcza\u0142a n\u0119ka\u0144 kt\u00f3re si\u0119 sko\u0144czy\u0142y po za\u0142o\u017ceniu medalika z Maryj\u0105.<br \/>\nPonadto stwierdzili, \u017ce: ludzie masowo odchodzili z parafii ks. Rawy, dziewczyna ze wsp\u00f3lnoty twierdzi\u0142a, \u017ce Msza to tylko pami\u0105tka, Komuni\u0105 \u015awi\u0119ta to tylko symbol, czuj\u0105 si\u0119 gorszy bo si\u0119 modl\u0119, czytam P\u015a. a nie mam \u017c\u0105dnego z dar\u00f3w &#8211; prorokowania czy modlitwy w j\u0119zykach, \u015bwiadek stwierdzi\u0142a, \u017ce popad\u0142a w pych\u0119, bo dzi\u0119ki darom czu\u0142a si\u0119 lepiej od innych. Twierdzili, ze ich relacje rodzinne poprawi\u0142y si\u0119 kiedy odesz\u0142am z tej wsp\u00f3lnoty<br \/>\nMarcin Zieli\u0144ski zaprzeczy\u0142 wypowiedziom \u015bwiadk\u00f3w z jego wsp\u00f3lnoty zas\u0142aniaj\u0105c si\u0119 pos\u0142ug\u0105 w Ko\u015bciele, powo\u0142uj\u0105c si\u0119 na pozytywne opinie ksi\u0119\u017cy, nazywa to hejtem, stawia si\u0119 w pozycji prze\u015bladowanego za wiar\u0119 i jego pos\u0142ug\u0119?<br \/>\nPani Anna Kura\u015b wyst\u0105pi\u0142a o zapytanie czy Marcin Zieli\u0144ski posiada misj\u0119 kanoniczn\u0105 uprawniaj\u0105c\u0105 go do nauczania.<br \/>\nKomunikat by\u0142 jasny.<br \/>\n\u0141owicz, dnia 8 lutego 2019 r.<br \/>\nL.dz. 237\/2019<br \/>\n<strong>KOMUNIKAT<\/strong><br \/>\nKuria Diecezjalna w \u0141owiczu \u2013 w zwi\u0105zku z licznymi zapytaniami \u2013 uprzejmie informuje, \u017ce p. Marcin Zieli\u0144ski nigdy nie otrzyma\u0142 od w\u0142adzy diecezjalnej kanonicznej misji do nauczania. Diecezja \u0141owicka nie bierze odpowiedzialno\u015bci za jego dzia\u0142alno\u015b\u0107.<br \/>\n<strong>Ks. dr Stanis\u0142aw Plichta<\/strong><br \/>\n<strong>Kanclerz Kurii<\/strong><\/p>\n<blockquote class=\"wp-embedded-content\" data-secret=\"Vk2lboP4IR\"><p><a href=\"https:\/\/diecezja.lowicz.pl\/komunikat-kurii-diecezjalnej-w-sprawie-p-marcina-zielinskiego\/\">Komunikat Kurii Diecezjalnej w sprawie p. Marcina Zieli\u0144skiego<\/a><\/p><\/blockquote>\n<p><iframe loading=\"lazy\" class=\"wp-embedded-content\" sandbox=\"allow-scripts\" security=\"restricted\" style=\"position: absolute; clip: rect(1px, 1px, 1px, 1px);\" title=\"&#8222;Komunikat Kurii Diecezjalnej w sprawie p. Marcina Zieli\u0144skiego&#8221; &#8212; Diecezja \u0141owicz\" src=\"https:\/\/diecezja.lowicz.pl\/komunikat-kurii-diecezjalnej-w-sprawie-p-marcina-zielinskiego\/embed\/#?secret=Vk2lboP4IR\" data-secret=\"Vk2lboP4IR\" width=\"600\" height=\"338\" frameborder=\"0\" marginwidth=\"0\" marginheight=\"0\" scrolling=\"no\"><\/iframe><br \/>\nZ kolei\u00a0 ks. Tomasz Sza\u0142anda dnia 5.02. 2020 na swoim profilu na Facebooku napisa\u0142:<br \/>\n<img loading=\"lazy\" decoding=\"async\" class=\"alignnone size-full wp-image-2456\" src=\"https:\/\/beniuk.gr5.pl\/apologetyka2\/wp-content\/uploads\/2020\/02\/Bildschirmfoto-2020-02-06-um-13.49.07.png\" alt=\"\" width=\"640\" height=\"297\" srcset=\"https:\/\/beniuk.gr5.pl\/apologetyka2\/wp-content\/uploads\/2020\/02\/Bildschirmfoto-2020-02-06-um-13.49.07.png 640w, https:\/\/beniuk.gr5.pl\/apologetyka2\/wp-content\/uploads\/2020\/02\/Bildschirmfoto-2020-02-06-um-13.49.07-300x139.png 300w\" sizes=\"auto, (max-width: 640px) 100vw, 640px\" \/><br \/>\nW zwi\u0105zku z wieloma niejasno\u015bciami zwi\u0105zanymi z nauczaniem Pani Anny Kura\u015b, wystosowa\u0142em do Krakowskiej Kurii Metropolitalnej list nast\u0119puj\u0105cej tre\u015bci:<br \/>\nOd kilku lat, w przestrzeni internetowej sw\u00f3j aktywny udzia\u0142 zaznacza Pani ANNA KURA\u015a mieszkaj\u0105ca na terenie Archidiecezji Krakowskiej (z tego co mi wiadomo w Krakowie). W swoich teologicznych wypowiedziach filmowych, radiowych, podczas spotka\u0144 w ko\u015bcio\u0142ach i parafiach, oraz w tekstach pisanych, dokonuje interpretacji oraz wyk\u0142adni nauczania Ko\u015bcio\u0142a katolickiego oraz Pisma \u015bwi\u0119tego. Poniewa\u017c wiele znanych mi osobi\u015bcie os\u00f3b powo\u0142uje si\u0119 w r\u00f3\u017cnych dyskusjach i spotkaniach wsp\u00f3lnotowych na przekazywane przez Pani\u0105 Ann\u0119 Kura\u015b tre\u015bci, uprzejmie prosz\u0119 o nast\u0119puj\u0105ce informacje:<br \/>\n1. Czy Pani Anna Kura\u015b otrzyma\u0142a misj\u0119 kanoniczn\u0105, b\u0105d\u017a inn\u0105 form\u0119 pos\u0142ania przez Ko\u015bci\u00f3\u0142 do nauczania na terenie Archidiecezji Krakowskiej.<br \/>\n2. Czy pogl\u0105d Pani Anny Kura\u015b o Kursach Alpha jako \u201ew\u0119\u017ca w Ko\u015bciele\u201d wraz z ukazywaniem w tym kontek\u015bcie Pasterzy: archidiecezji katowickiej &#8211; abpa Wiktora Skworca; emerytowanego arcybiskupa archidiecezji krakowskiej &#8211; kard. Stanis\u0142awa Dziwisza; archidiecezji \u0142\u00f3dzkiej &#8211; abpa Grzegorza Rysia; emerytowanego biskupa toru\u0144skiego &#8211; bpa Andrzeja Suskiego, mieszcz\u0105 si\u0119 w zakresie normalnej dyskusji o Ko\u015bciele?<br \/>\n3. Czy pogl\u0105d Pani Anny Kura\u015b o Forum charyzmatycznym w Szczecinie (2019), jakoby na nim mia\u0142 miejsce \u201ezlot wilk\u00f3w w owczej sk\u00f3rze\u201d, do kt\u00f3rych Pani Anna Kura\u015b zaliczy\u0142a m.in. prelegent\u00f3w tego Forum: niesuspendowanych duchownych katolickich (ks. R. Rafa\u0142a, o. R. Rec\u0142awa. O. J. Witko i ks. W. Grzyba), znajduje jakiekolwiek potwierdzenie w stanowisku Ko\u015bcio\u0142a Krakowskiego?<br \/>\n4. Czy promowanie opinii abpa Jana Paw\u0142a Lengi \u201ewyp\u0119dzonym z Kazachstanu\u201d o wsp\u00f3lnocie neokatechumenatu oraz odnowie charyzmatycznej jako zagro\u017ce\u0144 dla Ko\u015bcio\u0142a katolickiego i jego protestantyzacji, winno by\u0107 przyj\u0119te jako zgodne ze nauczaniem Ko\u015bcio\u0142a?<br \/>\nTego rodzaju niepokoj\u0105cych mnie opinii Pani Anny Kura\u015b znajduje si\u0119 mn\u00f3stwo w przestrzeni internetowej. Maj\u0105 one ogl\u0105dalno\u015b\u0107 od kilku do kilkudziesi\u0119ciu tysi\u0119cy widz\u00f3w. W zwi\u0105zku z tym uprzejmie prosz\u0119 o informacj\u0119 zawarte w powy\u017cszych pytaniach. Pomo\u017ce mi to w bardzo jednoznacznym zaj\u0119ciu stanowiska wobec wszelkich niejasno\u015bci, z kt\u00f3rymi dziel\u0105 si\u0119 ze mn\u0105 osoby prywatne jak i cz\u0142onkowie katolickich wsp\u00f3lnot.<br \/>\n***<br \/>\nDzisiaj otrzyma\u0142em odpowied\u017a, kt\u00f3r\u0105 zamieszczam poni\u017cej, a kt\u00f3ra jasno pokazuje jak nale\u017cy podchodzi\u0107 do przekazywanych tre\u015bci przez Pani\u0105 Ann\u0119 Kura\u015b.<br \/>\nUprzejmie r\u00f3wnie\u017c prosz\u0119 o powstrzymanie si\u0119 od z\u0142o\u015bliwych komentarzy.<br \/>\n<img loading=\"lazy\" decoding=\"async\" class=\"alignnone size-full wp-image-2457\" src=\"https:\/\/beniuk.gr5.pl\/apologetyka2\/wp-content\/uploads\/2020\/02\/2020-02-06_202638.png\" alt=\"\" width=\"800\" height=\"459\" srcset=\"https:\/\/beniuk.gr5.pl\/apologetyka2\/wp-content\/uploads\/2020\/02\/2020-02-06_202638.png 800w, https:\/\/beniuk.gr5.pl\/apologetyka2\/wp-content\/uploads\/2020\/02\/2020-02-06_202638-300x172.png 300w, https:\/\/beniuk.gr5.pl\/apologetyka2\/wp-content\/uploads\/2020\/02\/2020-02-06_202638-768x441.png 768w\" sizes=\"auto, (max-width: 800px) 100vw, 800px\" \/><br \/>\nZa moje zapytanie zosta\u0142em zbanowany na profilu facebookowym ks. Sza\u0142andy.<br \/>\nJest to do\u015b\u0107 nieuczciwy zabieg.<br \/>\nNasuwaj\u0105 si\u0119 pytania.<br \/>\nCo jest powodem, \u017ce nie zapyta\u0142 ks. w podobnym tonie w sprawie swojego kolegi Marcina Zieli\u0144skiego.<br \/>\n1. Co jest powodem, \u017ce ksi\u0105dz nie zapyta\u0142 Kurii czy proroctwa, uzdrowienia Marcina Zieli\u0144skiego by\u0142y rozeznawane kanonicznie, cho\u0107 w stosunku do objawie\u0144 prywatnych i uzdrowie\u0144 obowi\u0105zuj\u0105 w Ko\u015bciele \u015bcis\u0142e zasady, kt\u00f3rych ruch charyzmatyczny niestety si\u0119 nie stosuje i jest to dla ksi\u0119dza norm\u0105?<br \/>\n2. Co jest powodem, \u017ce ksi\u0105dz nie zapyta\u0142 Kurii dlaczego Marcin Zieli\u0144ski prowadzi modlitwy o uzdrowienie, a nie przestrzega punkt\u00f3w katolickiego dokumentu \u201eInstrukcji na temat modlitwa w celu osi\u0105gni\u0119cia uzdrowienia od Boga\u201d, kt\u00f3ry porz\u0105dkuje t\u0105 pos\u0142ug\u0119?<br \/>\nDlaczego dnia 19.02.2020 w Stawigudach zgodnie z tekstem z plakatu nie przestrzega si\u0119 zalece\u0144 KK. Co na to Kuria?<br \/>\n<img loading=\"lazy\" decoding=\"async\" class=\"alignnone wp-image-2460\" src=\"https:\/\/beniuk.gr5.pl\/apologetyka2\/wp-content\/uploads\/2020\/02\/2020-02-06_100436.png\" alt=\"\" width=\"438\" height=\"579\" srcset=\"https:\/\/beniuk.gr5.pl\/apologetyka2\/wp-content\/uploads\/2020\/02\/2020-02-06_100436.png 808w, https:\/\/beniuk.gr5.pl\/apologetyka2\/wp-content\/uploads\/2020\/02\/2020-02-06_100436-227x300.png 227w, https:\/\/beniuk.gr5.pl\/apologetyka2\/wp-content\/uploads\/2020\/02\/2020-02-06_100436-775x1024.png 775w, https:\/\/beniuk.gr5.pl\/apologetyka2\/wp-content\/uploads\/2020\/02\/2020-02-06_100436-768x1015.png 768w\" sizes=\"auto, (max-width: 438px) 100vw, 438px\" \/><br \/>\nDlaczego Marcin Zieli\u0144ski traktowany jest wyj\u0105tkowo jako osoba maj\u0105cy rzekomy charyzmat uzdrowienia?<br \/>\nInstrukcja stwierdza jasno<br \/>\n\u201eCharyzmatu uzdrawiania\u201d <strong>nie mo\u017cna przypisywa\u0107 okre\u015blonej klasie wiernych<\/strong>. Pozostaje bowiem jasne, \u017ce \u015bw. Pawe\u0142 m\u00f3wi\u0105c o r\u00f3\u017cnych charyzmatach w 1 Kor 12 <strong>nie przypisuje daru \u201echaryzmatu uzdrawiania\u201d jakiej\u015b szczeg\u00f3lnej grupie (aposto\u0142om, prorokom, nauczycielom, zwierzchnikom lub innym)<\/strong>; ich rozdzielaniem kieruje inna logika: \u201e Wszystko za\u015b sprawia jeden i ten sam Duch, udzielaj\u0105c ka\u017cdemu tak, jak chce\u201d (1 Kor 12,11). Zatem, w spotkaniach modlitewnych zorganizowanych celem pro\u015bby o uzdrowienie, <strong>by\u0142oby niedopuszczalne przypisywanie \u201echaryzmatu uzdrawiania\u201d pewnej kategorii uczestnik\u00f3w, na przyk\u0142ad kierownikom grupy.<\/strong><br \/>\nZatem wg instrukcji Marcin Zieli\u0144ski jako kierownik grupy nie powinien prowadzi\u0107 modlitw o uzdrowienie.<br \/>\nCzy nie przestrzeganie dokument\u00f3w KK dla ksi\u0119dza jest normalne?<br \/>\n3. Dlaczego ksi\u0105dz nie zapyta\u0142 Kurii na jakiej podstawie p. Marcin Zieli\u0144ski g\u0142osi rekolekcje i naucza S\u0142owo Bo\u017ce, skoro z dokumentu Kuriii \u0141owicka L.dz237\/2019 z dnia 8.II jasno wynika, \u017ce nigdy nie otrzyma\u0142 wymaganej do tego misji kanonicznej. Jak to pogodzi\u0107 z INSTRUKCJ\u0104 REDEMPTIONIS SACRAMENTUM par. 161 oraz z wypowiedzi\u0105 bp Adama Ba\u0142abucha na \u0142amach KAI z dnia 12.04.2019r \u201eOsoby \u015bwieckie mog\u0105 g\u0142osi\u0107 konferencje rekolekcyjne, je\u015bli posiadaj\u0105 upowa\u017cnienie, misj\u0119 do tego\u201d?<br \/>\nCzy nauczanie przez Marcina Zieli\u0144skiego b\u0119dzie na spotkaniu 19.02.2020 w Stawigudach. Je\u015bli tak to na jakiej podstawie?<br \/>\n4. Dlaczego ksi\u0105dz nie zapyta\u0142 Kurii o tzw. \u201espoczynkach w Duchu \u015aw\u201d jakie maj\u0105 miejsca we wsp\u00f3lnocie w Skierniewicach i na spotkaniach z Marcinem Zieli\u0144skim, skoro s\u0105 jasne zalecenia Komisji Bada\u0144 Teologicznych tzw \u201eDokumenty z Malines\u201d w w Dokumencie II (Ekumenizm a Odnowa Charyzmatyczna) w rozdziale V w sprawie spoczynku: by nie tworzy\u0107 okoliczno\u015bci do pojawiania si\u0119 tego zjawiska, by nie zaprasza\u0107 duchownych, kt\u00f3rych modlitwa lub nauczanie s\u0105 zwi\u0105zane z tym zjawiskiem?<br \/>\nKs. Dariusz Olewi\u0144ski na swoim blogu (teologkatolicki.blogspot.com) zadaj\u0119 tak\u017ce pytanie.<br \/>\n<strong>Czy katolik musi mie\u0107 misj\u0119 kanoniczn\u0105 do wypowiadania si\u0119 w sprawach wiary i Ko\u015bcio\u0142a?<\/strong><br \/>\nOstatnimi laty \u017cycie w Ko\u015bciele przynios\u0142o szczeg\u00f3lnie wiele absurd\u00f3w. W Polsce od kilku lat toczy si\u0119 do\u015b\u0107 burzliwa dyskusja wok\u00f3\u0142 dzia\u0142alno\u015bci tzw. charyzmatyk\u00f3w, czyli grup i os\u00f3b zwi\u0105zanych z protestanckim ruchem tzw. pentekostalnym, przynale\u017c\u0105cych oficjalnie do Ko\u015bcio\u0142a katolickiego.<br \/>\nG\u0142o\u015bnym by\u0142 i nadal jest film o Marcinie Zieli\u0144skim wyprodukowany przez grup\u0119 \u015bwieckich, kt\u00f3rzy maj\u0105 osobiste do\u015bwiadczenia z tzw. charyzmatyzmem od wewn\u0105trz. Nie brakuje te\u017c g\u0142o\u015bnych wypowiedzi z drugiej strony, broni\u0105cych Marcina Zieli\u0144skiego i innych &#8222;charyzmatyk\u00f3w&#8221;, za\u015b atakuj\u0105cych autor\u00f3w filmu oraz inne osoby wypowiadaj\u0105ce si\u0119 krytycznie. Jednym z g\u0142\u00f3wnych &#8222;apologet\u00f3w&#8221; jest x. Tomasz Sza\u0142anda z Archidiecezji Warmi\u0144skiej (by\u0142o ju\u017c o tym niegdy\u015b\u00a0<a href=\"https:\/\/teologkatolicki.blogspot.com\/2018\/10\/kim-jest-grono-popierajacych-marcina.html\">tutaj<\/a>\u00a0i\u00a0<a href=\"https:\/\/teologkatolicki.blogspot.com\/2018\/10\/kim-jest-grono-popierajacych-marcina.html\">tutaj<\/a>\u00a0i\u00a0<a href=\"https:\/\/teologkatolicki.blogspot.com\/2018\/03\/w-odpowiedzi-na-polemike-x-tomasza.html\">tutaj<\/a>\u00a0i\u00a0<a href=\"https:\/\/teologkatolicki.blogspot.com\/2018\/05\/zderzenie-drugiej-i-trzeciej-fali.html\">tutaj<\/a> ). Ostatnio pope\u0142ni\u0142 on do\u015b\u0107 groteskowy atak na jedn\u0105 z autor\u00f3w filmu o Marcinie Zieli\u0144skim. Tak\u017ce tym razem x. Sza\u0142anda popisa\u0142 si\u0119 nie tylko ignorancj\u0105 teologiczn\u0105 i brakiem trze\u017awego my\u015blenia, lecz tak\u017ce z\u0142o\u015bliwo\u015bci\u0105, kt\u00f3ra tym razem przybra\u0142a form\u0119 wr\u0119cz \u015bmieszn\u0105:<br \/>\nTym zapytaniem x. Sza\u0142anda sugeruje, jakoby do wypowiadania si\u0119 w sprawach wiary i Ko\u015bcio\u0142a by\u0142a wymagana misja kanoniczna, czyli oficjalny dekret biskupa miejsca upowa\u017cniaj\u0105cy do urz\u0119dowego nauczania wiary i moralno\u015bci katolickiej. X. Sza\u0142anda pope\u0142nia tutaj zasadnicze b\u0142\u0119dy wynikaj\u0105cego czy to z ignorowania czy z lekcewa\u017cenia nie tylko kanonicznych zasad Ko\u015bcio\u0142a, lecz nawet <a href=\"http:\/\/ptm.rel.pl\/files\/swii\/170-apostol\" target=\"_blank\" rel=\"noopener noreferrer\">nauczania Soboru Watyka\u0144skiego II<\/a>, kt\u00f3ry m\u00f3wi:<br \/>\n&#8222;Istnieje w Ko\u015bciele r\u00f3\u017cnorodno\u015b\u0107 pos\u0142ugiwania, ale jedno\u015b\u0107 pos\u0142annictwa. Aposto\u0142om i ich nast\u0119pcom powierzy\u0142 Chrystus urz\u0105d nauczania, u\u015bwi\u0119cania i rz\u0105dzenia w Jego imieniu i Jego moc\u0105. Jednak i ludzie \u015bwieccy, stawszy si\u0119 uczestnikami funkcji kap\u0142a\u0144skiej, prorockiej i kr\u00f3lewskiej Chrystusa,<strong> maj\u0105 sw\u00f3j udzia\u0142 w pos\u0142annictwie ca\u0142ego Ludu Bo\u017cego w Ko\u015bciele i w \u015bwiecie<sup>[<a title=\"@@\" href=\"http:\/\/ptm.rel.pl\/files\/swii\/170-apostol#p170-5\" name=\"pp170-5\">5<\/a>]<\/sup><\/strong>. I rzeczywi\u015bcie sprawuj\u0105 oni apostolstwo <strong>przez sw\u0105 prac\u0119 zmierzaj\u0105c\u0105 do szerzenia Ewangelii oraz u\u015bwi\u0119cania ludzi i do przepajania duchem ewangelicznym oraz doskonalenia porz\u0105dku spraw doczesnych, tak \u017ce ich wysi\u0142ek w tej dziedzinie daje jawnie \u015bwiadectwo o Chrystusie i s\u0142u\u017cy zbawieniu ludzi.<\/strong> Poniewa\u017c za\u015b w\u0142a\u015bciwo\u015bci\u0105 stanu ludzi \u015bwieckich jest \u017cycie w\u015br\u00f3d \u015bwiata i spraw doczesnych, dlatego wzywa ich B\u00f3g, by o\u017cywieni duchem chrze\u015bcija\u0144skim, sprawowali niczym zaczyn swoje apostolstwo w \u015bwiecie&#8221;<br \/>\nDekret o apostolstwie \u015bwieckich \u201eApostolicam actuositatem\u201d, 2<br \/>\n&#8222;Poniewa\u017c za\u015b w naszych czasach powstaj\u0105 nowe zagadnienia i panosz\u0105 si\u0119 nagminnie bardzo niebezpieczne b\u0142\u0119dy, kt\u00f3re usi\u0142uj\u0105 zniszczy\u0107 zupe\u0142nie religi\u0119, porz\u0105dek moralny i samo spo\u0142ecze\u0144stwo ludzkie, obecny Sob\u00f3r \u015bwi\u0119ty <strong>zach\u0119ca gor\u0105co \u015bwieckich, by ka\u017cdy w miar\u0119 swoich uzdolnie\u0144 i wykszta\u0142cenia, zgodnie z my\u015bl\u0105 Ko\u015bcio\u0142a wype\u0142nia\u0142 z wi\u0119ksz\u0105 pilno\u015bci\u0105 swoje zadanie w zakresie wyja\u015bniania, obrony i odpowiedniego dostosowania zasad chrze\u015bcija\u0144skich do problem\u00f3w obecnej doby&#8221;<\/strong>.<br \/>\nDekret o apostolstwie \u015bwieckich \u201eApostolicam actuositatem\u201d, 6<br \/>\nOt\u00f3\u017c wed\u0142ug nauczania soboru, zreszt\u0105 tak samo jak ca\u0142ej Tradycji Ko\u015bcio\u0142a, do po\u015bwiadczania wiary i jej obrony wierni \u015bwieccy s\u0105 powo\u0142ani i wyposa\u017ceni moc\u0105 Chrztu \u015bw. i Bierzmowania. Tak zwana misja kanoniczna dotyczy natomiast nauczania w formie urz\u0119dowej, czyli w ramach katechezy i religii organizowanych przez w\u0142adze ko\u015bcielne. Uzyska\u0107 t\u0119 misj\u0119 mog\u0105 osoby, kt\u00f3re odby\u0142y pomy\u015blnie studia teologii katolickiej lub przynajmniej odpowiednie kursy. Nie oznacza to oczywi\u015bcie, jakoby innym osobom nie wolno by\u0142o wypowiada\u0107 si\u0119 publicznie w sprawach wiary i Ko\u015bcio\u0142a. Dla takich wypowiedzi, kt\u00f3re same w sobie nie s\u0105 urz\u0119dowe, jedynym wymogiem i kryterium jest zgodno\u015b\u0107 z prawdami wiary i moralno\u015bci, oczywi\u015bcie tak\u017ce rzetelno\u015b\u0107 rozumowa i roztropno\u015bciowa.<br \/>\nTym samym ow\u0105 akcj\u0119 x. Sza\u0142andy nale\u017cy uzna\u0107 jedynie jako pr\u00f3b\u0119 &#8211; typow\u0105 dla mentalno\u015bci sekciarskiej &#8211; zastraszenia p. Anny oraz innych os\u00f3b wypowiadaj\u0105cych si\u0119 krytycznie o dzia\u0142alno\u015bci tzw. charyzmatyk\u00f3w oraz deprecjacji i zdyskredytowania ich cennych i bardzo potrzebnych g\u0142os\u00f3w. S\u0105 to zwykle osoby, kt\u00f3re maj\u0105 za sob\u0105 lata osobistego zaanga\u017cowania i poznania &#8222;ruchu charyzmatycznego&#8221; od wewn\u0105trz. Nie s\u0105 one zwi\u0105zane wzgl\u0119dami dyplomatycznymi i hierarchicznymi jak w przypadku duchownych, dzi\u0119ki czemu mog\u0105 szczeg\u00f3lnie otwarcie i odwa\u017cnie po\u015bwiadcza\u0107 prawd\u0119. Dlatego ich g\u0142os jest potrzebny i cenny dla Ko\u015bcio\u0142a, nawet je\u015bli s\u0105 to &#8222;tylko&#8221; osobiste \u015bwiadectwa, a nie nauczanie wyposa\u017cone w misj\u0119 kanoniczn\u0105.<br \/>\nPoniewa\u017c wypowiedzi tych os\u00f3b powodowane s\u0105 wierno\u015bci\u0105 wierze katolickiej oraz trosk\u0105 o Ko\u015bci\u00f3\u0142 i tak\u017ce de facto wykazuj\u0105 t\u0105 wierno\u015b\u0107 i mi\u0142o\u015b\u0107 w stopniu nierzadko heroicznym, dlatego mo\u017cna i nale\u017cy jest uzna\u0107 za napominaj\u0105ce i ostrzegaj\u0105ce g\u0142osy prorockie, na kt\u00f3re zwa\u017ca\u0107 powinni tak\u017ce przedstawiciele hierarchii, b\u0119d\u0105c wdzi\u0119cznymi za nie jako pomoc i wsparcie w sprawowaniu urz\u0119du pasterskiego.<br \/>\n<u>Post scriptum<\/u><br \/>\nX. Sza\u0142anda zareagowa\u0142 w nast\u0119puj\u0105cy spos\u00f3b:<br \/>\n<img loading=\"lazy\" decoding=\"async\" class=\"alignnone size-full wp-image-2473\" src=\"https:\/\/beniuk.gr5.pl\/apologetyka2\/wp-content\/uploads\/2020\/02\/Bildschirmfoto-2020-02-06-um-20.31.32.png\" alt=\"\" width=\"357\" height=\"400\" srcset=\"https:\/\/beniuk.gr5.pl\/apologetyka2\/wp-content\/uploads\/2020\/02\/Bildschirmfoto-2020-02-06-um-20.31.32.png 357w, https:\/\/beniuk.gr5.pl\/apologetyka2\/wp-content\/uploads\/2020\/02\/Bildschirmfoto-2020-02-06-um-20.31.32-268x300.png 268w\" sizes=\"auto, (max-width: 357px) 100vw, 357px\" \/><br \/>\nWidocznie albo nie doczyta\u0142, albo po prostu pr\u00f3buje oszuka\u0107 swoich odbiorc\u00f3w.<br \/>\nJak zaznaczy\u0142em, jest istotna r\u00f3\u017cnica mi\u0119dzy wyst\u0105pieniami zorganizowanymi jako publiczna modlitwa czy nauczanie (lekcja religii, katecheza, rekolekcje itp.), a indywidualnym zabieraniem g\u0142osu np. w formie filmu czy textu. Ponadto istotna jest tematyka wyst\u0105pienia: czym innym jest (rzekome) g\u0142oszenie &#8222;s\u0142owa Bo\u017cego&#8221;, jego wyja\u015bnianie czy publiczna modlitwa, a czym innym wypowied\u017a o wydarzeniach, jak np. o wyst\u0105pieniach M. Zieli\u0144skiego.<br \/>\nPierwszy rodzaj &#8211; publiczne, zorganizowane wyst\u0105pienie w formie nauczania wiary &#8211; wymaga misji kanonicznej, kt\u00f3ra po\u015bwiadcza autorytet nauczania w imieniu Ko\u015bcio\u0142a i w zale\u017cno\u015bci hierarchicznej.<br \/>\nDrugi rodzaj natomiast &#8211; wypowiadanie si\u0119 o wydarzeniach czy wyst\u0105pieniach &#8211; jest publicystyk\u0105 katolick\u0105 i tym samym nie wymaga misji kanonicznej. Jedyn\u0105 zale\u017cno\u015bci\u0105 jest wtedy zgodno\u015b\u0107 z wiar\u0105 katolick\u0105.<br \/>\nNikt nie zabrania np. Marcinowi Zieli\u0144skiemu opowiadania o swoich pogl\u0105dach czy drodze \u017cyciowej. Jednak nauczanie w ramach spotka\u0144 zwanych &#8222;modlitewnymi&#8221; oraz zabieranie si\u0119 za wyk\u0142adanie Pisma \u015bw. (jak w jego filmikach internetowych) jest czym\u015b zupe\u0142nie innym, gdy\u017c stwarza pozory nauczania oficjalnego Ko\u015bcio\u0142a.<br \/>\nKs. Dariusz Olewi\u0144ski<br \/>\nhttps:\/\/teologkatolicki.blogspot.com\/2020\/02\/czy-katolik-musi-miec-misje-kanoniczna.html<br \/>\n&nbsp;<\/p>\n<div data-pm-slice=\"1 1 []\" data-en-clipboard=\"true\">&#8212;&#8212;&#8212;&#8212;&#8212;&#8212;&#8212;&#8212;&#8212;&#8212;&#8212;&#8212;&#8212;&#8212;&#8212;&#8212;&#8212;-<\/div>\n<div data-pm-slice=\"1 1 []\" data-en-clipboard=\"true\">Redakcja: <b>Kamil Beniuk <\/b><\/div>\n<div>M\u0105\u017c Kasi i tata Oli i Piotra, mgr teologii UKSW, katecheta.<\/div>\n<div>Pasjonat apologetyki (<a href=\"https:\/\/beniuk.gr5.pl\/apologetyka2\" rev=\"en_rl_none\">http:\/\/www.apologetyka.org<\/a>). Fanboy duchowo\u015bci \u015bw. Weroniki Giulliani (<a href=\"http:\/\/www.weronika.net\/\" rev=\"en_rl_none\"><u>http:\/\/www.weronika.net)<\/u><\/a>.<\/div>\n<div>Tak\u017ce Gamer (RPG, FTP, RTS), Cybersecurity (WordPress, Android, Windows),<\/div>\n<div>tekst, muzyka i produkcja pie\u015bni religijnej, Rysunek (o\u0142\u00f3wek, akwarela), Ikonografia.<\/div>\n<div><\/div>\n<div>Materia\u0142y teologiczne:<\/div>\n<div><b>YouTube &#8222;Ja tylko pytam&#8221;:<\/b> <a href=\"http:\/\/www.youtube.com\/@jatylkopytam\" rev=\"en_rl_none\">http:\/\/www.youtube.com\/@jatylkopytam<\/a><\/div>\n<div><b>Grupa FB<\/b>: <a href=\"http:\/\/www.facebook.com\/groups\/jatylkopytam\/\" rev=\"en_rl_none\">http:\/\/www.facebook.com\/groups\/jatylkopytam\/<\/a><\/div>\n<div><b>Duchowo\u015b\u0107<\/b>: <a href=\"http:\/\/www.weronika.net\" rev=\"en_rl_none\">http:\/\/www.weronika.net<\/a><\/div>\n<div>Je\u015bli ci si\u0119 podoba, to postaw mi kaw\u0119: <a href=\"https:\/\/buycoffee.to\/beniuk\" rev=\"en_rl_none\">https:\/\/buycoffee.to\/beniuk<\/a><\/div>\n<div>Dzi\u0119ki.<\/div>\n<div><\/div>\n<div>&#8222;Ja tylko pytam&#8221; jest grup\u0105 po\u015bwi\u0119conym wzmacnianiu i usystematyzowaniu my\u015bli katolickiej,<\/div>\n<div>promowaniu i obronie katolickiej Ewangelii, doktryny i teologii.<\/div>\n<div>Analiza ateizmu, charyzmatyzmu, tradycjonalizmu i dobroludzizmu.<\/div>\n","protected":false},"excerpt":{"rendered":"<p>W pa\u017adzierniku w 2018 roku na stronie www.zwiedzeni.pl oraz w serwisie You Tube ukaza\u0142 film, w kt\u00f3rym autorzy m. in Anna Kura\u015b, oskar\u017cyli , Marcina Zieli\u0144skiego lidera wsp\u00f3lnoty ze Skierniewic, o zwiedzenie demoniczne, gdy\u017c w przekonaniu autor\u00f3w filmu przenosi przekonania&hellip; <\/p>\n","protected":false},"author":1,"featured_media":0,"comment_status":"open","ping_status":"closed","sticky":false,"template":"","format":"standard","meta":{"_sitemap_exclude":false,"_sitemap_priority":"","_sitemap_frequency":"","footnotes":""},"categories":[1019,1034,1066],"tags":[139,231,467,503,556,715,874],"class_list":["post-2455","post","type-post","status-publish","format-standard","hentry","category-ks-tomasz-szalanda","category-problemy-charyzmatyczne","category-zycie-spoleczne","tag-anna-kuras","tag-charyzmatyzm","tag-ks-dariusz-olewinski","tag-marcin-zielinski","tag-nauczanie-kosciola","tag-ruch-charyzmatyczny","tag-tomasz-szalanda"],"_links":{"self":[{"href":"https:\/\/beniuk.gr5.pl\/apologetyka2\/wp-json\/wp\/v2\/posts\/2455","targetHints":{"allow":["GET"]}}],"collection":[{"href":"https:\/\/beniuk.gr5.pl\/apologetyka2\/wp-json\/wp\/v2\/posts"}],"about":[{"href":"https:\/\/beniuk.gr5.pl\/apologetyka2\/wp-json\/wp\/v2\/types\/post"}],"author":[{"embeddable":true,"href":"https:\/\/beniuk.gr5.pl\/apologetyka2\/wp-json\/wp\/v2\/users\/1"}],"replies":[{"embeddable":true,"href":"https:\/\/beniuk.gr5.pl\/apologetyka2\/wp-json\/wp\/v2\/comments?post=2455"}],"version-history":[{"count":1,"href":"https:\/\/beniuk.gr5.pl\/apologetyka2\/wp-json\/wp\/v2\/posts\/2455\/revisions"}],"predecessor-version":[{"id":4223,"href":"https:\/\/beniuk.gr5.pl\/apologetyka2\/wp-json\/wp\/v2\/posts\/2455\/revisions\/4223"}],"wp:attachment":[{"href":"https:\/\/beniuk.gr5.pl\/apologetyka2\/wp-json\/wp\/v2\/media?parent=2455"}],"wp:term":[{"taxonomy":"category","embeddable":true,"href":"https:\/\/beniuk.gr5.pl\/apologetyka2\/wp-json\/wp\/v2\/categories?post=2455"},{"taxonomy":"post_tag","embeddable":true,"href":"https:\/\/beniuk.gr5.pl\/apologetyka2\/wp-json\/wp\/v2\/tags?post=2455"}],"curies":[{"name":"wp","href":"https:\/\/api.w.org\/{rel}","templated":true}]}}