{"id":1201,"date":"2017-08-25T12:56:50","date_gmt":"2017-08-25T10:56:50","guid":{"rendered":"https:\/\/beniuk.gr5.pl\/apologetyka2\/?p=1201"},"modified":"2017-08-25T12:56:50","modified_gmt":"2017-08-25T10:56:50","slug":"cialo-karmiace-sie-cialem-eucharystia-pokarmem-kosciola","status":"publish","type":"post","link":"https:\/\/beniuk.gr5.pl\/apologetyka2\/cialo-karmiace-sie-cialem-eucharystia-pokarmem-kosciola\/","title":{"rendered":"Cia\u0142o karmi\u0105ce si\u0119 Cia\u0142em \u2013 Eucharystia pokarmem Ko\u015bcio\u0142a"},"content":{"rendered":"<p>Kwestia Eucharystii jest zupe\u0142nie kluczowa. Wszystkie oskar\u017cenia katolicyzmu o<br \/>\nba\u0142wochwalstwo przy okazji wizerunk\u00f3w czy czci \u015bwi\u0119tych s\u0105 bzdurne \u2013 gdy\u017c ani \u015bwi\u0119tych,<br \/>\nani wizerunk\u00f3w nikt z katolik\u00f3w nie uwa\u017ca za Boga2. Je\u015bli jednak Ko\u015bci\u00f3\u0142 myli si\u0119 co do<br \/>\nEucharystii, to jeste\u015bmy ba\u0142wochwalcami.<br \/>\nJe\u015bli protestanci maj\u0105 racj\u0119, to my, katolicy od niemal 2000 lat oszukujemy w haniebny<br \/>\nspos\u00f3b miliardy ludzi.<br \/>\n<a href=\"http:\/\/analizy.biz\/marek1962\/eucharystia.pdf\" target=\"_blank\" rel=\"noopener noreferrer\">http:\/\/analizy.biz\/marek1962\/eucharystia.pdf<\/a><\/p>\n","protected":false},"excerpt":{"rendered":"<p>Kwestia Eucharystii jest zupe\u0142nie kluczowa. Wszystkie oskar\u017cenia katolicyzmu o ba\u0142wochwalstwo przy okazji wizerunk\u00f3w czy czci \u015bwi\u0119tych s\u0105 bzdurne \u2013 gdy\u017c ani \u015bwi\u0119tych, ani wizerunk\u00f3w nikt z katolik\u00f3w nie uwa\u017ca za Boga2. Je\u015bli jednak Ko\u015bci\u00f3\u0142 myli si\u0119 co do Eucharystii, to&hellip; <\/p>\n","protected":false},"author":1,"featured_media":0,"comment_status":"open","ping_status":"closed","sticky":false,"template":"","format":"standard","meta":{"_sitemap_exclude":false,"_sitemap_priority":"","_sitemap_frequency":"","footnotes":""},"categories":[993],"tags":[],"class_list":["post-1201","post","type-post","status-publish","format-standard","hentry","category-biblistyka-egzegeza-biblijna-eucharystia"],"_links":{"self":[{"href":"https:\/\/beniuk.gr5.pl\/apologetyka2\/wp-json\/wp\/v2\/posts\/1201","targetHints":{"allow":["GET"]}}],"collection":[{"href":"https:\/\/beniuk.gr5.pl\/apologetyka2\/wp-json\/wp\/v2\/posts"}],"about":[{"href":"https:\/\/beniuk.gr5.pl\/apologetyka2\/wp-json\/wp\/v2\/types\/post"}],"author":[{"embeddable":true,"href":"https:\/\/beniuk.gr5.pl\/apologetyka2\/wp-json\/wp\/v2\/users\/1"}],"replies":[{"embeddable":true,"href":"https:\/\/beniuk.gr5.pl\/apologetyka2\/wp-json\/wp\/v2\/comments?post=1201"}],"version-history":[{"count":0,"href":"https:\/\/beniuk.gr5.pl\/apologetyka2\/wp-json\/wp\/v2\/posts\/1201\/revisions"}],"wp:attachment":[{"href":"https:\/\/beniuk.gr5.pl\/apologetyka2\/wp-json\/wp\/v2\/media?parent=1201"}],"wp:term":[{"taxonomy":"category","embeddable":true,"href":"https:\/\/beniuk.gr5.pl\/apologetyka2\/wp-json\/wp\/v2\/categories?post=1201"},{"taxonomy":"post_tag","embeddable":true,"href":"https:\/\/beniuk.gr5.pl\/apologetyka2\/wp-json\/wp\/v2\/tags?post=1201"}],"curies":[{"name":"wp","href":"https:\/\/api.w.org\/{rel}","templated":true}]}}