{"id":1199,"date":"2017-08-25T12:47:53","date_gmt":"2017-08-25T10:47:53","guid":{"rendered":"https:\/\/beniuk.gr5.pl\/apologetyka2\/?p=1199"},"modified":"2017-08-25T12:47:53","modified_gmt":"2017-08-25T10:47:53","slug":"wizerunki-i-bog","status":"publish","type":"post","link":"https:\/\/beniuk.gr5.pl\/apologetyka2\/wizerunki-i-bog\/","title":{"rendered":"Wizerunki i B\u00f3g"},"content":{"rendered":"<p>Ile\u017c razy s\u0142ysza\u0142em zarzuty i\u017c Ko\u015bci\u00f3\u0142 uprawia ba\u0142wochwalstwo, poniewa\u017c \u201ewykonuje wizerunki\u201d. A przecie\u017c w Dekalogu wyra\u017anie czytamy:<br \/>\n\u201eNie b\u0119dziesz mia\u0142 cudzych bog\u00f3w obok Mnie! Nie b\u0119dziesz czyni\u0142 \u017cadnej rze\u017aby ani<br \/>\n\u017cadnego obrazu tego, co jest na niebie wysoko, ani tego, co jest na ziemi nisko, ani tego, co<br \/>\njest w wodach pod ziemi\u0105! Nie b\u0119dziesz oddawa\u0142 im pok\u0142onu i nie b\u0119dziesz im s\u0142u\u017cy\u0142,<br \/>\nponiewa\u017c Ja Pan, tw\u00f3j B\u00f3g, jestem Bogiem zazdrosnym\u201d \/Wj 20,3-5a\/ Jak to wi\u0119c jest? Czy chrze\u015bcijaninowi wolno wykonywa\u0107 wizerunki? Czy mo\u017cna wiesza\u0107 krzy\u017c na \u015bcianie? Czy obrazek \u015bwi\u0119tego Krzysztofa powieszony w samochodzie obra\u017ca Boga?<br \/>\n<a href=\"http:\/\/analizy.biz\/marek1962\/obrazy.pdf\" target=\"_blank\" rel=\"noopener noreferrer\">http:\/\/analizy.biz\/marek1962\/obrazy.pdf<\/a><\/p>\n","protected":false},"excerpt":{"rendered":"<p>Ile\u017c razy s\u0142ysza\u0142em zarzuty i\u017c Ko\u015bci\u00f3\u0142 uprawia ba\u0142wochwalstwo, poniewa\u017c \u201ewykonuje wizerunki\u201d. A przecie\u017c w Dekalogu wyra\u017anie czytamy: \u201eNie b\u0119dziesz mia\u0142 cudzych bog\u00f3w obok Mnie! Nie b\u0119dziesz czyni\u0142 \u017cadnej rze\u017aby ani \u017cadnego obrazu tego, co jest na niebie wysoko, ani tego,&hellip; <\/p>\n","protected":false},"author":1,"featured_media":0,"comment_status":"open","ping_status":"closed","sticky":false,"template":"","format":"standard","meta":{"_sitemap_exclude":false,"_sitemap_priority":"","_sitemap_frequency":"","footnotes":""},"categories":[989],"tags":[],"class_list":["post-1199","post","type-post","status-publish","format-standard","hentry","category-biblistyka-egzegeza-biblijna-dekalog"],"_links":{"self":[{"href":"https:\/\/beniuk.gr5.pl\/apologetyka2\/wp-json\/wp\/v2\/posts\/1199","targetHints":{"allow":["GET"]}}],"collection":[{"href":"https:\/\/beniuk.gr5.pl\/apologetyka2\/wp-json\/wp\/v2\/posts"}],"about":[{"href":"https:\/\/beniuk.gr5.pl\/apologetyka2\/wp-json\/wp\/v2\/types\/post"}],"author":[{"embeddable":true,"href":"https:\/\/beniuk.gr5.pl\/apologetyka2\/wp-json\/wp\/v2\/users\/1"}],"replies":[{"embeddable":true,"href":"https:\/\/beniuk.gr5.pl\/apologetyka2\/wp-json\/wp\/v2\/comments?post=1199"}],"version-history":[{"count":0,"href":"https:\/\/beniuk.gr5.pl\/apologetyka2\/wp-json\/wp\/v2\/posts\/1199\/revisions"}],"wp:attachment":[{"href":"https:\/\/beniuk.gr5.pl\/apologetyka2\/wp-json\/wp\/v2\/media?parent=1199"}],"wp:term":[{"taxonomy":"category","embeddable":true,"href":"https:\/\/beniuk.gr5.pl\/apologetyka2\/wp-json\/wp\/v2\/categories?post=1199"},{"taxonomy":"post_tag","embeddable":true,"href":"https:\/\/beniuk.gr5.pl\/apologetyka2\/wp-json\/wp\/v2\/tags?post=1199"}],"curies":[{"name":"wp","href":"https:\/\/api.w.org\/{rel}","templated":true}]}}